{"id":311,"date":"2020-04-12T20:13:29","date_gmt":"2020-04-12T18:13:29","guid":{"rendered":"http:\/\/peransbackpack.com\/?p=311"},"modified":"2020-04-20T17:32:39","modified_gmt":"2020-04-20T15:32:39","slug":"changer-modele-agricole","status":"publish","type":"post","link":"https:\/\/peransbackpack.ovh\/peransbackpack\/index.php\/2020\/04\/12\/changer-modele-agricole\/","title":{"rendered":"[ZAP &#038; Article] De l&rsquo;urgence de changer notre mod\u00e8le agricole"},"content":{"rendered":"\n<p class=\"has-text-align-center\"><video width=\"750\" height=\"370\" controls=\"\" poster=\"http:\/\/peransbackpack.com\/videos\/ZAP%20Changer%20nos%20pratiques%20agricoles.jpg\" id=\"player\" playsinline=\"\">\n    <source src=\"http:\/\/peransbackpack.com\/videos\/ZAPagri.mp4\" type=\"video\/mp4\">\n    <source src=\"http:\/\/peransbackpack.com\/videos\/ZAPagri.webmhd.webm\" type=\"video\/webm\">\n\n    <!-- Captions are optional -->\n    <track kind=\"captions\" label=\"English captions\" src=\"\/path\/to\/captions.vtt\" srclang=\"en\" default=\"\">\n<\/video><\/p>\n\n\n\n<p>Ou voir sur <a href=\"https:\/\/youtu.be\/vkl7hc7YILQ\" target=\"_blank\" rel=\"noreferrer noopener\">Youtube&nbsp;<\/a>\/ <a href=\"https:\/\/www.facebook.com\/peransbackpack\/videos\/658297818300600\/\" target=\"_blank\" rel=\"noreferrer noopener\">Facebook<\/a><\/p>\n\n\n\n<p class=\"has-drop-cap has-text-align-justify\">Agriculteur, paysan, fermier&#8230; Nourrir les hommes: sans aucun doute le m\u00e9tier le plus important du monde! Pourtant, la profession semble battre de l&rsquo;aile en France. Alors que&nbsp;<a href=\"https:\/\/www.salaire-net.com\/blog\/metiers-les-mieux-payes\/\" target=\"_blank\" rel=\"noreferrer noopener\">les m\u00e9tiers les plus r\u00e9mun\u00e9rateurs<\/a>&nbsp;se trouvent dans la finance, la technologie, et autres secteurs souvent non essentiels \u00e0 notre survie, on entend beaucoup parler des difficult\u00e9s rencontr\u00e9es par le monde agricole. Malgr\u00e9 une crise sociale et \u00e9cologique \u00e9vidente, rien de semble mis en place par les autorit\u00e9s pour aider ces professionnels, ni questionner s\u00e9rieusement le mod\u00e8le actuel. Deux&nbsp;<a href=\"https:\/\/www.francetvinfo.fr\/economie\/emploi\/metiers\/agriculture\/suicides-chez-les-agricultures-des-chiffres-qui-font-froid-dans-le-dos_3612595.html\" target=\"_blank\" rel=\"noreferrer noopener\">suicides par jour<\/a>&nbsp;en moyenne chez les agriculteurs en France: ces chiffres alarmants sont r\u00e9v\u00e9lateurs d&rsquo;un profond malaise. Comment a-t-on pu en arriver \u00e0 cette situation?<\/p>\n\n\n\n<h2 class=\"wp-block-heading\">Un peu d&rsquo;histoire<\/h2>\n\n\n\n<p class=\"has-drop-cap has-text-align-justify\">La m\u00e9canisation de l&rsquo;agriculture et l&rsquo;\u00e9volution des pratiques agricoles se sont acc\u00e9l\u00e9r\u00e9es en France apr\u00e8s la seconde guerre mondiale, avec notamment la cr\u00e9ation de l&rsquo;<a href=\"http:\/\/www.inra.fr\/\" target=\"_blank\" rel=\"noreferrer noopener\">INRA<\/a>: on assiste alors \u00e0 une transformation importante du paysage fran\u00e7ais, avec la suppression de nombreuses haies, l&rsquo;apparition des tracteurs, moissonneuses-batteuses et l&rsquo;agrandissement des exploitations. Certaines r\u00e9gions se sp\u00e9cialisent dans des productions, comme la&nbsp;<a href=\"https:\/\/fr.wikipedia.org\/wiki\/Comit%C3%A9_d%27%C3%A9tude_et_de_liaison_des_int%C3%A9r%C3%AAts_bretons\" target=\"_blank\" rel=\"noreferrer noopener\">Bretagne<\/a>&nbsp;avec les \u00e9levages de porcs hors-sol.<\/p>\n\n\n\n<div class=\"wp-block-image\"><figure class=\"alignleft size-large is-resized\"><a href=\"https:\/\/1.bp.blogspot.com\/-Qtl8UsG_f1s\/XpMZUYQttfI\/AAAAAAAAiYI\/4Vi-nOCMWuQ9tNxLiWXZRZNX1xy96cmOACEwYBhgLKs4DAMBZVoDLHWaHCkSMufgm3jRcbJEPHorf70Eg8P44C36ctU7OOUZXnVltxiiswadQHdtVRAmTP9nBYG3dFnQBA9dPswBCAc68FOzGuJL3zSe20fCKbjhi_aJUTgyemz4HHLpIFx6of16JfBfIcvwotiduNy6wh1jKuc6zF8aAscBaCfnirm1lNAd_2CImPpFlaJJRkJejnMJ0jJWUtlRbrM87JbbL1nlka-XADQyFEwhvBBtmLJihJmAm363KFRugEmjbUGFcWsLa9WCQYhh849HGUwnVJC59C8aAJGuKZdITlMW6GUJ8FcuC62rJ7s4TXC0LOZ3yz4UduLO8-D57dEL1YJ49Nc5wmZ_POC2SakuxwMWrB7_yZ28Wmq3DDqFPKM5wKsaytq8QiJB0ZaRhXD3d-auI87IWK_51KCNzqKnUfyz7ayvMc1zhuSNBMHnzPlyecPR9PReQcGxypiaSZ68kcEzA7vLEPy80X7TiJzV_ekdHV5tNYpbX7Spk7zx24L2daMgQTPiDH0OPXGaoJPYzMJBd4s5TmB9_J4PubaTqIaAQm30-pXahDxTN-QmJ75XcRyRFJgqvu9iqL6td8g7gRctqJknPPsSS2aYGMMy3zPQF\/s1600\/perans%2Bagri%2Bimg-4.jpg\"><img loading=\"lazy\" decoding=\"async\" src=\"https:\/\/peransbackpack.ovh\/peransbackpack\/wp-content\/uploads\/2020\/04\/perans-agri-img-4-1024x768.jpg\" alt=\"\" class=\"wp-image-337\" width=\"385\" height=\"288\" srcset=\"https:\/\/peransbackpack.ovh\/peransbackpack\/wp-content\/uploads\/2020\/04\/perans-agri-img-4-1024x768.jpg 1024w, https:\/\/peransbackpack.ovh\/peransbackpack\/wp-content\/uploads\/2020\/04\/perans-agri-img-4-300x225.jpg 300w, https:\/\/peransbackpack.ovh\/peransbackpack\/wp-content\/uploads\/2020\/04\/perans-agri-img-4-768x576.jpg 768w, https:\/\/peransbackpack.ovh\/peransbackpack\/wp-content\/uploads\/2020\/04\/perans-agri-img-4-1536x1152.jpg 1536w, https:\/\/peransbackpack.ovh\/peransbackpack\/wp-content\/uploads\/2020\/04\/perans-agri-img-4-2048x1536.jpg 2048w\" sizes=\"auto, (max-width: 385px) 100vw, 385px\" \/><\/a><\/figure><\/div>\n\n\n\n<p class=\"has-text-align-justify\">On commence \u00e0 parler d&rsquo;agriculture intensive: produire toujours plus \u00e0 moindre co\u00fbt. Les paysans s&rsquo;endettent pour acheter du mat\u00e9riel, pour agrandir leurs exploitations, et ont recours \u00e0 la \u00ab\u00a0science\u00a0\u00bb pour augmenter leurs rendements. En effet, la&nbsp;<a href=\"https:\/\/www.futura-sciences.com\/planete\/actualites\/developpement-durable-agriculture-grandes-monocultures-imposent-surplus-pesticides-31427\/\" target=\"_blank\" rel=\"noreferrer noopener\">monoculture<\/a>&nbsp;et les \u00e9levages concentrationnaires (ou intensifs)&nbsp;requi\u00e8rent le recours \u00e0 de nombreux produits issus de la chimie: engrais &#8211;<em>le&nbsp;<a href=\"https:\/\/www.mediachimie.org\/sites\/default\/files\/FR-ammoniac-texte.pdf\" target=\"_blank\" rel=\"noreferrer noopener\">proc\u00e9d\u00e9 Haber-Bosch<\/a>, pour synth\u00e9tiser de l&rsquo;ammoniac est consid\u00e9r\u00e9 comme un tournant majeur dans l&rsquo;histoire de l&rsquo;agriculture<\/em>-, pesticides (les fameux produits \u00ab\u00a0phytosanitaires\u00a0\u00bb) et antibiotiques. La gestion des graines est confi\u00e9e \u00e0 des&nbsp;<a href=\"https:\/\/fr.wikipedia.org\/wiki\/Groupement_national_interprofessionnel_des_semences_et_plants\" target=\"_blank\" rel=\"noreferrer noopener\">semenciers<\/a>: c&rsquo;est l&rsquo;av\u00e8nement de la&nbsp;<a href=\"https:\/\/fr.wikipedia.org\/wiki\/Certificat_d%27obtention_v%C3%A9g%C3%A9tale\" target=\"_blank\" rel=\"noreferrer noopener\">privatisation du vivant<\/a>&nbsp;et la naissance des&nbsp;<a href=\"https:\/\/www.tharawat-magazine.com\/facts\/top-ten-agribusiness-companies\/\" target=\"_blank\" rel=\"noreferrer noopener\">g\u00e9ants de l&rsquo;agro-industrie<\/a>&nbsp;(ing\u00e9nierie g\u00e9n\u00e9tique et chimie).&nbsp;<\/p>\n\n\n\n<p class=\"has-text-align-justify\">Entre 1945 et 1975, on assiste \u00e0 un&nbsp;<a href=\"https:\/\/www.seuil.com\/ouvrage\/histoire-de-la-france-rurale-collectif\/9782757873779\" target=\"_blank\" rel=\"noreferrer noopener\">exode rural<\/a>&nbsp;important, et les modes de consommation changent: les super et&nbsp;<a href=\"https:\/\/www.e-leclerc.com\/catalogue\/nous-connaitre\/notre-histoire\" target=\"_blank\" rel=\"noreferrer noopener\">hypermarch\u00e9s<\/a>&nbsp;se d\u00e9veloppent sur le territoire, les&nbsp;<a href=\"https:\/\/fr.wikipedia.org\/wiki\/Coop%C3%A9rative_agricole_en_France\" target=\"_blank\" rel=\"noreferrer noopener\">coop\u00e9ratives agricoles<\/a>&nbsp;prennent de l&rsquo;ampleur et les&nbsp;<a href=\"https:\/\/www.agro-media.fr\/actualite\/agroalimentaire-classement-10-entreprises-agroalimentaire-les-puissantes-du-monde-16222.html\" target=\"_blank\" rel=\"noreferrer noopener\">multinationales<\/a>&nbsp;de l&rsquo;alimentaire gagnent des parts de march\u00e9. Cela ne sera pas sans cons\u00e9quence sur la pression financi\u00e8re exerc\u00e9e sur les exploitants agricoles, comme nous le verrons plus loin.<\/p>\n\n\n\n<p class=\"has-text-align-justify\">Depuis cette p\u00e9riode, le nombre d&rsquo;agriculteurs dans la part des actifs&nbsp;<a href=\"https:\/\/www.persee.fr\/doc\/pop_0032-4663_1963_num_18_3_10600\" target=\"_blank\" rel=\"noreferrer noopener\">baisse continuellement<\/a>, jusqu&rsquo;\u00e0 repr\u00e9senter aujourd&rsquo;hui environ&nbsp;<a href=\"https:\/\/www.insee.fr\/fr\/statistiques\/1373641?sommaire=1373710\" target=\"_blank\" rel=\"noreferrer noopener\">3% de la population active<\/a>.&nbsp;<strong>Alors qu&rsquo;en 1975, un agriculteur nourrissait en moyenne 15 personnes,&nbsp;<a href=\"https:\/\/www.europe1.fr\/economie\/Combien-un-agriculteur-francais-nourrit-il-de-personnes-774204\">il en nourrit d\u00e9sormais 60<\/a>.&nbsp;<\/strong><\/p>\n\n\n\n<p class=\"has-text-align-justify\">En 1962 est \u00e9galement cr\u00e9\u00e9e au sein de l&rsquo;Union Europ\u00e9enne la&nbsp;<a href=\"https:\/\/chambres-agriculture.fr\/agriculteur-et-politiques\/tout-savoir-sur-la-pac\/historique\/\">PAC<\/a>&nbsp;(Politique Agricole Commune), avec pour ambition principale l&rsquo;atteinte de l&rsquo;autosuffisance alimentaire sur le continent. Elle n&rsquo;est pas sans cons\u00e9quences sur les marges des agriculteurs, car elle peut imposer des quotas de production (1984-2015: instauration puis abandon des quotas laitiers pour faire face \u00e0 la surproduction). Les exploitants qui ne s&rsquo;agrandissent pas pour r\u00e9aliser des \u00e9conomies d&rsquo;\u00e9chelle mettent la cl\u00e9 sous la porte.<\/p>\n\n\n\n<h2 class=\"wp-block-heading\">Quelle situation aujourd&rsquo;hui?<\/h2>\n\n\n\n<h3 class=\"wp-block-heading\"><strong>Un peu d&rsquo;\u00e9conomie<\/strong><\/h3>\n\n\n\n<p class=\"has-text-align-justify\"><a href=\"https:\/\/www.msa.fr\/lfy\/documents\/98830\/41910604\/Dossier+de+presse+de+la+conf%C3%A9rence+de+presse+de+rentr%C3%A9e+2017\" target=\"_blank\" rel=\"noreferrer noopener\">Selon la MSA<\/a>, en 2016,&nbsp;<strong>30% des exploitants agricoles avaient un revenu inf\u00e9rieur \u00e0 350 euros par mois<\/strong>. A titre de comparaison, en 2015, le&nbsp;<a href=\"https:\/\/www.insee.fr\/fr\/statistiques\/3303433?sommaire=3353488\" target=\"_blank\" rel=\"noreferrer noopener\">seuil de pauvret\u00e9<\/a>&nbsp;s&rsquo;\u00e9tablissait \u00e0 1015 euros! Comme nous l&rsquo;avions vu pr\u00e9c\u00e9demment, les exploitants sont incit\u00e9s \u00e0 s&rsquo;endetter afin d&rsquo;augmenter la taille de leurs cheptels, et ainsi pouvoir proposer des prix plus bas pour rester comp\u00e9titifs sur le march\u00e9. Ces derniers sont pay\u00e9s uniquement lorsqu&rsquo;ils vendent leur production, et doivent donc supporter des co\u00fbts importants (<a href=\"https:\/\/www.compta-facile.com\/besoin-en-fond-de-roulement-bfr\/\">le b<\/a><a href=\"https:\/\/www.compta-facile.com\/besoin-en-fond-de-roulement-bfr\/\" target=\"_blank\" rel=\"noreferrer noopener\">esoin en fonds de roulement<\/a>) avant de pouvoir toucher le moindre centime: mat\u00e9riel agricole, intrants, pesticides, emprunts, frais de v\u00e9t\u00e9rinaires&#8230; la liste des d\u00e9caissements est longue.&nbsp;<\/p>\n\n\n\n<p class=\"has-text-align-justify\">En amont comme en aval, le pouvoir de n\u00e9gociation des agriculteurs est moindre face aux g\u00e9ants de l&rsquo;agroalimentaire qui les fournissent et ach\u00e8tent leurs marchandises:&nbsp;<\/p>\n\n\n\n<ul class=\"wp-block-list\"><li>&nbsp;Le march\u00e9 des&nbsp;<a href=\"https:\/\/www.alternatives-economiques.fr\/repartition-marche-mondial-semences-0112201272244.html\" target=\"_blank\" rel=\"noreferrer noopener\">semences, intrants<\/a>&nbsp;et produits \u00ab\u00a0phytos\u00a0\u00bb&nbsp;est oligopolistique: Bayer-Monsanto, Dupont, Syngenta et Limagrain (<a href=\"https:\/\/www.lesechos.fr\/2015\/12\/mariage-en-vue-pour-les-deux-geants-de-la-chimie-dupont-et-dow-chemical-263822\" target=\"_blank\" rel=\"noreferrer noopener\">g\u00e9ants de la chimie<\/a>) dominent plus des 3\/4 du march\u00e9<\/li><\/ul>\n\n\n\n<ul class=\"wp-block-list\"><li>Les<a href=\"https:\/\/fr.businessam.be\/ces-10-entreprises-dominent-le-secteur-de-lalimentation\/\" target=\"_blank\" rel=\"noreferrer noopener\">&nbsp;multinationales<\/a>&nbsp;qui ach\u00e8tent la mati\u00e8re premi\u00e8re aux agriculteurs (Nestl\u00e9, Danone, Unilever&#8230;) sont dans la m\u00eame situation: elles disposent d&rsquo;un important pouvoir de n\u00e9gociation, bien que les enseignes de grande distribution viennent les concurrencer&nbsp;<a href=\"https:\/\/www.credoc.fr\/publications\/le-developpement-des-marques-de-distributeurs-et-les-strategies-des-industriels-de-lalimentaire\" target=\"_blank\" rel=\"noreferrer noopener\">avec succ\u00e8s<\/a>&nbsp;via leurs marques de distributeurs.<\/li><\/ul>\n\n\n\n<div class=\"wp-block-image\"><figure class=\"aligncenter is-resized\"><a href=\"https:\/\/1.bp.blogspot.com\/-F_BKoPMmrQ4\/Xnb7RNgZFKI\/AAAAAAAAhos\/Nm2lvRGc4Gg4P8httOg6Qxs8Q6JBYIecACLcBGAsYHQ\/s1600\/fr_BE-photo708-00-04-27-20.png\"><img loading=\"lazy\" decoding=\"async\" src=\"https:\/\/1.bp.blogspot.com\/-F_BKoPMmrQ4\/Xnb7RNgZFKI\/AAAAAAAAhos\/Nm2lvRGc4Gg4P8httOg6Qxs8Q6JBYIecACLcBGAsYHQ\/s400\/fr_BE-photo708-00-04-27-20.png\" alt=\"\" width=\"538\" height=\"358\"\/><\/a><figcaption>Illustration: cartographie des marques<\/figcaption><\/figure><\/div>\n\n\n\n<ul class=\"wp-block-list\"><li>Les enseignes de grande-distribution ont non seulement r\u00e9ussi \u00e0&nbsp;<a href=\"https:\/\/www.lepoint.fr\/content\/system\/media\/0\/1234\/090part.pdf\" target=\"_blank\" rel=\"noreferrer noopener\">capter les parts de march\u00e9 (PDM) des plus petits commerces<\/a>, mais \u00e9galement \u00e0 grignoter les PDM des grandes marques via les MDD (marques de distributeurs).&nbsp;<\/li><\/ul>\n\n\n\n<div class=\"wp-block-image\"><figure class=\"aligncenter\"><a href=\"https:\/\/1.bp.blogspot.com\/-KzvVVeMPtlM\/XncBjSXHIsI\/AAAAAAAAho4\/cZ-mV0DN4kUzEFCMX0svo2k-5jnRnKuvACLcBGAsYHQ\/s1600\/pvr%2Bachat.JPG\"><img decoding=\"async\" src=\"https:\/\/1.bp.blogspot.com\/-KzvVVeMPtlM\/XncBjSXHIsI\/AAAAAAAAho4\/cZ-mV0DN4kUzEFCMX0svo2k-5jnRnKuvACLcBGAsYHQ\/s320\/pvr%2Bachat.JPG\" alt=\"\"\/><\/a><figcaption>Illustration: publicit\u00e9 Leclerc, \u00ab\u00a0Le pouvoir d&rsquo;achat\u00a0\u00bb (<em>mais pas pour les producteurs, ndlr<\/em>)<\/figcaption><\/figure><\/div>\n\n\n\n<div class=\"wp-block-cover has-background-dim has-background-gradient has-very-light-gray-to-cyan-bluish-gray-gradient-background\" style=\"min-height:145px;aspect-ratio:unset;\"><div class=\"wp-block-cover__inner-container is-layout-flow wp-block-cover-is-layout-flow\">\n<p class=\"has-text-color has-luminous-vivid-orange-color\"><strong>En +<\/strong><\/p>\n\n\n\n<p class=\"has-text-color has-very-dark-gray-color\">Pour aller plus loin au sujet de la&nbsp;<a href=\"https:\/\/www.cairn.info\/revue-economie-et-prevision-2009-3-page-141.htm\">r\u00e9parti<\/a><a href=\"https:\/\/www.cairn.info\/revue-economie-et-prevision-2009-3-page-141.htm\" target=\"_blank\" rel=\"noreferrer noopener\">tion des marges dans l&rsquo;industrie agroalimentaire<\/a>&nbsp;(lien).&nbsp;<\/p>\n<\/div><\/div>\n\n\n\n<h4 class=\"wp-block-heading\">Point sur le \u00ab\u00a0<em>land-grabbing<\/em>\u00ab\u00a0: l&rsquo;accaparement des terres<\/h4>\n\n\n\n<p class=\"has-text-align-justify\">L&rsquo;<a href=\"https:\/\/www.alimenterre.org\/fiche-thematique-accaparement-des-terres\" target=\"_blank\" rel=\"noreferrer noopener\">accaparement des terres<\/a>&nbsp;d\u00e9signe le rachat \u00e0 grande \u00e9chelle d&rsquo;espaces agricoles par des puissances \u00e9trang\u00e8res (soci\u00e9t\u00e9s transnationales ou gouvernements). Entre 2000 et 2010, la Banque Mondiale estime ainsi que plus de 45 millions d&rsquo;hectares&nbsp; (227 millions pour l&rsquo;ONG Oxfam!) ont ainsi \u00e9t\u00e9 soutir\u00e9s aux populations locales, avec plus de 70% de ces terrains en Afrique.<\/p>\n\n\n\n<p><strong>Pour quelles raisons ces terres sont-elles convoit\u00e9es?&nbsp;<\/strong><\/p>\n\n\n\n<p class=\"has-text-align-justify\">Hausse mondiale de la demande alimentaire, consommation de viande, agro-carburants, mondialisation: la tendance mondiale n&rsquo;est pour l&rsquo;instant pas au \u00ab\u00a0consommer local\u00a0\u00bb. Les chinois s&rsquo;implantent en Bretagne pour s&rsquo;approvisionner&nbsp;<a href=\"https:\/\/www.20minutes.fr\/economie\/2291583-20180618-bretagne-nouvelle-usine-lait-infantile-destinee-marche-chinois\" target=\"_blank\" rel=\"noreferrer noopener\">en lait en poudre<\/a>, nos \u00e9levages utilisent du&nbsp;<a href=\"https:\/\/wwf.be\/assets\/RAPPORT-POLICY\/MARKETS\/FR\/le-boum-du-soja-version-longue-bd-1.pdf\" target=\"_blank\" rel=\"noreferrer noopener\">soja (lien1)&nbsp;<\/a><a href=\"https:\/\/www.lefigaro.fr\/sciences\/pourquoi-la-france-est-elle-si-dependante-du-soja-bresilien-20190920\" target=\"_blank\" rel=\"noreferrer noopener\">import\u00e9 du continent am\u00e9ricain<\/a>&nbsp;(lien 2), les amendements, produits phytosanitaires et&nbsp;<a href=\"https:\/\/www.statista.com\/statistics\/950498\/market-share-largest-fertilizer-companies-worldwide\/\" target=\"_blank\" rel=\"noreferrer noopener\">intrants&nbsp;<\/a>divers proviennent des quatre coins du globe&#8230; Notre agriculture est d\u00e9pendante des importations, du p\u00e9trole et de la mondialisation. Dans ce contexte de flux internationaux, il est alors ais\u00e9 de comprendre l&rsquo;int\u00e9r\u00eat strat\u00e9gique d&rsquo;investir dans des terres hors de son pays d&rsquo;origine pour sa propre s\u00e9curit\u00e9 alimentaire.&nbsp;<\/p>\n\n\n\n<p><strong>Quels probl\u00e8mes l&rsquo;accaparement des terres peut-il poser?<\/strong><\/p>\n\n\n\n<p class=\"has-text-align-justify\">Tout d&rsquo;abord, cela pose le probl\u00e8me de l&rsquo;autonomie alimentaire des pays touch\u00e9s: accessibilit\u00e9 des produits pour les populations locales et march\u00e9 de destination. On peut priver une population du b\u00e9n\u00e9fice de ses terres agricoles. A terme, cela peut \u00e9galement poser un probl\u00e8me pour la souverainet\u00e9 des \u00e9tats: une fois achet\u00e9es par une puissance \u00e9trang\u00e8re, comment remettre la main sur ces terres sans d\u00e9clencher de conflits?&nbsp;<\/p>\n\n\n\n<p class=\"has-text-align-justify\">Ensuite, cela a pour effet de faire dispara\u00eetre la paysannerie, souvent au profit de grandes soci\u00e9t\u00e9s: dans le meilleur des cas, les autochtones deviennent salari\u00e9s de grands groupes.&nbsp;<\/p>\n\n\n\n<p><strong>Point sur la situation en France<\/strong><\/p>\n\n\n\n<p class=\"has-text-align-justify\">En France, la&nbsp;<a href=\"https:\/\/www.lemonde.fr\/economie\/article\/2018\/05\/31\/un-risque-d-accaparement-des-terres-agricoles-en-france_5307597_3234.html\" target=\"_blank\" rel=\"noreferrer noopener\">SAFER<\/a>,&nbsp;exerce un r\u00f4le de r\u00e9gulateur dans ces acquisitions de terrains agricoles, notamment gr\u00e2ce \u00e0 un droit de pr\u00e9emption sur les terres.&nbsp;<a href=\"https:\/\/www.blogger.com\/\" target=\"_blank\" rel=\"noreferrer noopener\">Probl\u00e8me<\/a>(s): il est \u00e0 priori ais\u00e9 de contourner la pr\u00e9emption, et la SAFER n&rsquo;aurait de toute mani\u00e8re pas la visibilit\u00e9 compl\u00e8te sur toutes les transactions. Comme nombre d&rsquo;agriculteurs connaissent des difficult\u00e9s et sont endett\u00e9s, la vente de leur exploitation agricole peut donc repr\u00e9senter une mani\u00e8re de s&rsquo;en sortir financi\u00e8rement. Bien que je n&rsquo;ai pas trouv\u00e9 de donn\u00e9es pr\u00e9cises sur le ph\u00e9nom\u00e8ne (reportages \u00e0 visionner:&nbsp;<a href=\"https:\/\/youtu.be\/rhdFmuJgf7Y\" target=\"_blank\" rel=\"noreferrer noopener\">ici<\/a>&nbsp;et&nbsp;<a href=\"https:\/\/www.youtube.com\/watch?v=acYN-vn9RzU\" target=\"_blank\" rel=\"noreferrer noopener\">l\u00e0<\/a>), des investisseurs, chinois notamment, proposeraient des sommes bien plus importantes aux vendeurs que les potentiels repreneurs locaux, ce qui favoriserait la vente \u00e0 des \u00e9trangers. Bien que l&rsquo;on puisse comprendre les logiques ayant conduit les vendeurs \u00e0 vendre au plus offrant, ce ph\u00e9nom\u00e8ne expose la France dangereusement au risques pos\u00e9s par l&rsquo;accaparement des terres.&nbsp;&nbsp;<\/p>\n\n\n\n<h3 class=\"wp-block-heading\"><strong>Les risques pour notre s\u00e9curit\u00e9 alimentaire<\/strong><\/h3>\n\n\n\n<p class=\"has-text-align-justify\">Nous avons la chance, du moins dans les soci\u00e9t\u00e9s occidentales, d&rsquo;avoir un acc\u00e8s \u00e0 de la nourriture abordable et en abondance. D&rsquo;apr\u00e8s l&rsquo;<a href=\"https:\/\/www.insee.fr\/fr\/statistiques\/1379769\" target=\"_blank\" rel=\"noreferrer noopener\">INSEE<\/a>, \u00ab\u00a0depuis 1960, les m\u00e9nages consacrent \u00e0 l&rsquo;alimentation une part de plus en plus r\u00e9duite de leur d\u00e9pense de consommation : 20 % en 2014 contre 35 % en 1960.\u00a0\u00bb Se nourrir ne serait donc plus une pr\u00e9occupation majeure depuis longtemps, et bien que d&rsquo;apr\u00e8s un&nbsp;<a href=\"https:\/\/www.bva-group.com\/sondages\/francais-alimentation\/\" target=\"_blank\" rel=\"noreferrer noopener\">sondage BVA<\/a>, \u00ab\u00a0une majorit\u00e9 de Fran\u00e7ais se disent plus pr\u00e9occup\u00e9s par leur alimentation qu\u2019avant (57%)\u00a0\u00bb, il est probable que ce th\u00e8me prenne de l&rsquo;ampleur dans les prochaines d\u00e9cennies.&nbsp;<\/p>\n\n\n\n<p class=\"has-text-align-justify\">Tout d&rsquo;abord, \u00e0 moyen terme, et cela sera d\u00e9taill\u00e9 plus loin dans l&rsquo;article, les atteintes graves caus\u00e9es \u00e0 l&rsquo;environnement, notamment par&nbsp;<strong>nos pratiques agricoles, mettent en p\u00e9ril la biodiversit\u00e9<\/strong>. Cette derni\u00e8re est&nbsp;<a href=\"https:\/\/www.lesechos.fr\/monde\/enjeux-internationaux\/la-perte-de-biodiversite-une-menace-sur-la-securite-alimentaire-993471\" target=\"_blank\" rel=\"noreferrer noopener\">essentielle \u00e0 notre s\u00e9curit\u00e9 alimentaire<\/a>: selon Olivier de Schutter (ancien rapporteur de l&rsquo;ONU \u00e0 l&rsquo;alimentation),&nbsp;<strong>\u00ab\u00a0les semences commerciales menacent l&rsquo;\u00e9quilibre de la plan\u00e8te\u00a0\u00bb<\/strong>. Ce serait 75% de l&rsquo;agrobiodiversit\u00e9 qui aurait \u00e9t\u00e9 perdue \u00e0 cause \u00ab\u00a0de la domination de ces vari\u00e9t\u00e9s uniformes\u00a0\u00bb. Mais il est aussi question de la mort de nos sols (\u00e0 cause du labour, des produits phytosanitaires&#8230;), du d\u00e9clin des abeilles&#8230; Il nous faut sauver la biodiversit\u00e9 si nous voulons nous nourrir durablement.&nbsp;<\/p>\n\n\n\n<p class=\"has-text-align-justify\">Ensuite,&nbsp;<strong>notre d\u00e9pendance aux importations, et&nbsp;<a href=\"https:\/\/fr.wikipedia.org\/wiki\/D%C3%A9pendance_au_p%C3%A9trole#Agriculture\" target=\"_blank\" rel=\"noreferrer noopener\">donc au p\u00e9trole<\/a>, pour l&rsquo;agriculture intensive, est tr\u00e8s \u00e9lev\u00e9e<\/strong>. Au del\u00e0 des machines agricoles, ce sont tous les engrais&nbsp;et produits dits \u00ab\u00a0phytosanitaires\u00a0\u00bb qui sont fabriqu\u00e9s \u00e0 partir de la p\u00e9trochimie. Embargo, pand\u00e9mie, crise \u00e9conomique, stocks disponibles de ressources fossiles: notre s\u00e9curit\u00e9 alimentaire est \u00e9troitement li\u00e9e au commerce international.&nbsp;<\/p>\n\n\n\n<div class=\"wp-block-image\"><figure class=\"alignright size-large is-resized\"><a href=\"https:\/\/1.bp.blogspot.com\/-v9vQvZDbjE4\/XpMZUeYOScI\/AAAAAAAAiYg\/0zEOSL7HYeQz1cCvLDC5ELXlnf7torEsACEwYBhgLKs4DAMBZVoD1lcZ8qCg-2Bu_xeEOKgKICSg2NhnKnbKOyLeahGixhD3Q7m1TYUDOhLYwz_2sGAP1OD_1MVvusvDE4NY5zR272msbYys8xlBn25JnWWLzgZVccD2MzHN1tkjiGUwqiQoux3PFa1B2k9FmOgUiarjSn0NQ1y4RzfwCzb8mCHBX_-AUKJ4vxe5HkLiamSI6Ymn8YPE8k1CwJqARQoE2RIzY6qjSSnkztEoO5kT4FkyDj8R70kK4uInvAmR7dc9XCSfMPuyKVUKhqHfrfKyLa5E9UdPiHpZm2pYA9aSOZ3eCAVSpELZXuLXDDyYYCUkdvTYEfSPhRI_wRCMApI4ehfXjMlTeJjSbj_NALEqAEGDslIN2DR4Cir2sJpGFd0V_MzCw-o9cA57IgZV7qxzUN92TgkayuoTdaxwjSnuK_VVNE4p3Fqw0t1g1QR-hK7c-Gv1b_48lstyHf3HlPvUK1aZAhdqADAZt9-eEaZ0ELEcosa85n4K4Nwlp-TjmDaYbtfNNqR3jsgxg5gAt0OwBjwJLxs4nQygig2Go8wcK34DUNQLK1cxzySs2EXKYef1WTgNSzLPlKkDJZ2PaEVvGgVjoYK9Ky_Hi6iZTMI24zPQF\/s1600\/perans%2Bagri%2Bimg-3.jpg\"><img loading=\"lazy\" decoding=\"async\" src=\"https:\/\/peransbackpack.ovh\/peransbackpack\/wp-content\/uploads\/2020\/04\/perans-agri-img-3-1024x768.jpg\" alt=\"\" class=\"wp-image-338\" width=\"375\" height=\"282\" srcset=\"https:\/\/peransbackpack.ovh\/peransbackpack\/wp-content\/uploads\/2020\/04\/perans-agri-img-3-1024x768.jpg 1024w, https:\/\/peransbackpack.ovh\/peransbackpack\/wp-content\/uploads\/2020\/04\/perans-agri-img-3-300x225.jpg 300w, https:\/\/peransbackpack.ovh\/peransbackpack\/wp-content\/uploads\/2020\/04\/perans-agri-img-3-768x576.jpg 768w, https:\/\/peransbackpack.ovh\/peransbackpack\/wp-content\/uploads\/2020\/04\/perans-agri-img-3-1536x1152.jpg 1536w, https:\/\/peransbackpack.ovh\/peransbackpack\/wp-content\/uploads\/2020\/04\/perans-agri-img-3-2048x1536.jpg 2048w\" sizes=\"auto, (max-width: 375px) 100vw, 375px\" \/><\/a><\/figure><\/div>\n\n\n\n<p class=\"has-text-align-justify\">Enfin, le mod\u00e8le d&rsquo;approvisionnement des m\u00e9nages, via les chaines de grande distribution, nous met encore une fois dans une situation de d\u00e9pendance critique. En effet, ces circuits de distribution sont con\u00e7us de mani\u00e8re centralis\u00e9e: on ach\u00e8te en gros, les marchandises passent par des centrales de distribution qui \u00ab\u00a0dispatchent\u00a0\u00bb les produits dans les Leclerc, Carrefour et Intermarch\u00e9 (pour&nbsp;<a href=\"https:\/\/www.google.com\/url?sa=i&amp;url=http%3A%2F%2Fwww.leparisien.fr%2Feconomie%2Fconsommation%2Fprix-bas-qualite-rentabilite-comment-le-discount-secoue-la-grande-distribution-02-10-2019-8164842.php&amp;psig=AOvVaw0FOiDnjBj1ydz5C8kJZcYL&amp;ust=1585652870355000&amp;source=images&amp;cd=vfe&amp;ved=0CA0QjhxqFwoTCICwz7KHwugCFQAAAAAdAAAAABAD\" target=\"_blank\" rel=\"noreferrer noopener\">les 3 plus gros distributeurs<\/a>&nbsp;en France). Les produits locaux ne repr\u00e9sentent qu&rsquo;une faible part des marchandises mises \u00e0 disposition des clients (pas de donn\u00e9es sur le sujet, mais un tour dans un supermarch\u00e9 permet de s&rsquo;en rendre compte). Anecdote personnelle qui permettra de l&rsquo;illustrer: j&rsquo;ai m\u00eame trouv\u00e9 dans un Leader-Price des haricots vert qui venaient&#8230; de chine! La plupart des produits \u00e9tant sous plastique (encore une fois, se balader dans des rayons permet de s&rsquo;en rendre compte), outre l&rsquo;aspect n\u00e9gatif pour l&rsquo;environnement, on observe \u00e9galement, encore une fois, une d\u00e9pendance \u00e0 l&rsquo;industrie p\u00e9trochimique. Si les supermarch\u00e9s, pour X raison, ne sont plus approvisionn\u00e9s, il sera difficile pour l&rsquo;essentiel de la population de se nourrir. Pour sortir de cette d\u00e9pendance, l&rsquo;essor de la vente directe dans des magasins de producteurs, \u00e0 la ferme ou sur les march\u00e9s permettrait une sortie progressive de cette d\u00e9pendance extr\u00eame aux grandes surfaces.<\/p>\n\n\n\n<h3 class=\"wp-block-heading\"><strong>Sur le plan environnemental<\/strong><\/h3>\n\n\n\n<p class=\"has-drop-cap has-text-align-justify\">Pour comprendre en quoi notre mani\u00e8re de nous nourrir a boulevers\u00e9 nos \u00e9cosyst\u00e8mes,&nbsp; je vous propose d&rsquo;\u00e9tudier de mani\u00e8re sch\u00e9matique le fonctionnement d&rsquo;un sol sain, \u00ab\u00a0vivant\u00a0\u00bb, contre un sol qui a subit le labour, l&rsquo;ajouts d&rsquo;engrais chimiques et de produits phytosanitaires. Je vous invite \u00e9galement \u00e0 regarder le&nbsp;<a rel=\"noreferrer noopener\" href=\"https:\/\/youtu.be\/vkl7hc7YILQ\" target=\"_blank\">Zap<\/a>&nbsp;publi\u00e9 avec cet article, qui contient plusieurs enseignements (dont ceux, tr\u00e8s pr\u00e9cieux de Claude et Lydia Bourguignon) dont je me suis inspir\u00e9 pour r\u00e9aliser le sch\u00e9ma ci-dessous.&nbsp;<\/p>\n\n\n\n<figure class=\"wp-block-image size-large is-resized\"><img loading=\"lazy\" decoding=\"async\" src=\"https:\/\/1.bp.blogspot.com\/-LW3nXSxEmsA\/XoXp6zw76XI\/AAAAAAAAiDg\/JYuqDHDmeHICgY5XoXR-XSmTgMPuT_1IgCLcBGAsYHQ\/s640\/Diapositive1.JPG\" alt=\"\" width=\"640\" height=\"360\"\/><figcaption><a rel=\"noreferrer noopener\" href=\"https:\/\/youtu.be\/uEO-Lopx0Ps\" target=\"_blank\">Explication du sch\u00e9ma en vid\u00e9o<\/a> (animation)<\/figcaption><\/figure>\n\n\n\n<p class=\"has-small-font-size\">Nous avons \u00e0 gauche, un sol naturel, et \u00e0 droite, un sol labour\u00e9.&nbsp;<\/p>\n\n\n\n<p class=\"has-text-align-justify has-small-font-size\">1) A gauche, notre sol n&rsquo;a pas \u00e9t\u00e9 touch\u00e9. Les&nbsp;<strong>insectes et champignons<\/strong>&nbsp;fabriquent de l&rsquo;<strong>humus<\/strong>&nbsp;en se nourrissant de la<strong>&nbsp;mati\u00e8re organique<\/strong>&nbsp;(feuilles, bois, etc). Puis viennent les&nbsp;<strong>vers de terre<\/strong>, qui cr\u00e9ent le&nbsp;<strong>complexe argilo-humique<\/strong>. \u00ab\u00a0<a href=\"https:\/\/senshumus.org\/2008\/04\/29\/ecologie-du-ver-de-terre\/\" target=\"_blank\" rel=\"noreferrer noopener\">S\u2019il n\u2019existaient pas, l\u2019humus resterait d\u00e9sesp\u00e9r\u00e9ment en surface et ne se lierait pas aux argiles du sol, qui serait ainsi tr\u00e8s instable<\/a>\u00ab\u00a0. Enfin, ce sont aux&nbsp;<strong>microbes<\/strong>&nbsp;d&rsquo;entrer en jeu: les \u00ab\u00a0<a href=\"http:\/\/www.lafranceagricole.fr\/article\/vie-du-sol-les-micro-organismes-constructeurs-des-sols-1,2,117666774.html\" target=\"_blank\" rel=\"noreferrer noopener\">bact\u00e9ries, champignons, protozoaires, n\u00e9matodes (&#8230;) repr\u00e9sentent 75 \u00e0 90&nbsp;% de la biomasse vivante du sol. Ils ont un r\u00f4le majeur dans la d\u00e9composition de la mati\u00e8re organique, contribuent au recyclage des nutriments et&nbsp;<strong>facilitent l\u2019absorption des \u00e9l\u00e9ments par les racines<\/strong><\/a>\u00ab\u00a0. Des \u00e9l\u00e9ments comme l&rsquo;azote sont apport\u00e9s au plantes par le travail des&nbsp;<a href=\"https:\/\/fr.wikipedia.org\/wiki\/Rhizobium\" target=\"_blank\" rel=\"noreferrer noopener\">rhizobiums<\/a>&nbsp;(au sein de nodules, repr\u00e9sent\u00e9s sur le sch\u00e9ma).<\/p>\n\n\n\n<p class=\"has-text-align-justify has-small-font-size\">2) On constate, \u00e0 droite, que la&nbsp;<strong>mati\u00e8re organique a \u00e9t\u00e9 enfouie par le labour<\/strong>. Si ces d\u00e9chets ne sont plus en surface et sous la rhizosph\u00e8re, ils ne pourront pas \u00eatre d\u00e9grad\u00e9s par les insectes et les champignons. Pour compenser la perte de l&rsquo;\u00e9cosyst\u00e8me des sols et stimuler la croissance des cultures,&nbsp; l&rsquo;agriculture \u00ab\u00a0moderne\u00a0\u00bb vient apporter aux plantes des engrais: Azote (N, pour&nbsp;<em>Nitrogen<\/em>), Phosphore (P), et Potassium (K). Ceux-ci vont malheureusement avoir plusieurs effets pervers: tout d&rsquo;abord la sur-stimulation des bact\u00e9ries par ces engrais provoque la min\u00e9ralisation de la mati\u00e8re organique, qui devient \u00e0 terme hors de port\u00e9e des insectes, champignons et vers de terre. Argile et humus ne sont plus attach\u00e9s (car trop min\u00e9ralis\u00e9s), et le sol s&rsquo;en va avec les pluies dans les rivi\u00e8res. C&rsquo;est la&nbsp;<strong>mort biologique et chimique des sols.&nbsp;<\/strong>Ensuite, les surplus de nitrates et d&rsquo;ammoniac g\u00e9n\u00e9r\u00e9s par les \u00e9pandages vont notamment g\u00e9n\u00e9rer des probl\u00e8mes d&rsquo;<a href=\"https:\/\/planet-vie.ens.fr\/thematiques\/ecologie\/gestion-de-l-environnement-pollution\/l-eutrophisation\" target=\"_blank\" rel=\"noreferrer noopener\">eutrophisation<\/a>&nbsp;des milieux naturels. L&rsquo;ammoniac rel\u00e2ch\u00e9 dans l&rsquo;air, combin\u00e9 \u00e0 d&rsquo;autres particules va aider \u00e0 la formation de polluants.&nbsp;&nbsp;<\/p>\n\n\n\n<p class=\"has-text-align-justify has-small-font-size\">3) La plante (\u00e0 droite), faible, va \u00eatre plus sensible aux agents pathog\u00e8nes et parasites divers. C&rsquo;est \u00e0 ce moment qu&rsquo;entrent en action les produits phytosanitaires: insecticides, fongicides, herbicides et amendements divers.<\/p>\n\n\n\n<div class=\"wp-block-image is-style-default\"><figure class=\"aligncenter size-large is-resized\"><a href=\"https:\/\/1.bp.blogspot.com\/-esJ535IHp-c\/XpMZTEpg8rI\/AAAAAAAAiYg\/tOFJ-zlseLMKZ--jIekeQEW4xL1J9Y0tQCEwYBhgLKs4DAMBZVoDpmYymaqHOg_Qcre-PruukZ4DLVzZ5Fel7yEa-bbOIq-ySevJ4JCDJ9ujBVu_Y1Vdtp1i-cQ4jegmYdFn2k9YyXqfuAit_w6fuWkZyWa8REZw32jBIXxDKGixZM0pzV9OgjN8gvj_GfvU_fyRPKWjywMA9ubpu0ssPbnOKiR9lQBQsnF-KykQr0ykXkShKXe2SUmy3PfGqs41jvKBD0fktzws4NOhYahRxOFoDt93o8t6FIKRILKgLeaZmTGOu7mr1JB1i4BkO0Dwkd02gx4L5NHaK2DZxThBRzXN90-zIl-M5Y8E2X9CTHLdUpu2kFMmjSJ5a8EwjBfTpwGNjNxFZpI7Ooe0WcI75IasUvSXUrPd-le9_SRKHdVrjGGR8mrbWJGMFnR3gKsCZzoLQxpzBI2XZryTl85NhnwjEBfpDn3FzWqoX8sfa48Df3nnVCliobQ0EsZMhL3kmaTnpQtigZu1D4VhJw9cymGOVQNTdRlBHtfaR9pa_XE7AIzcGKPcilVFmp_M8kvNy9-ohwCaC8H5i8VioIfEH29PkUn73AjSkGK6z8ftOXs_tUBv9umCbzTkg9KNOq6QILKyal1IupWkWBy_MjApwMLu4zPQF\/s1600\/perans%2Bagri%2Bimg-1.jpg\"><img loading=\"lazy\" decoding=\"async\" src=\"https:\/\/peransbackpack.ovh\/peransbackpack\/wp-content\/uploads\/2020\/04\/perans-agri-img-1-1024x768.jpg\" alt=\"\" class=\"wp-image-339\" width=\"538\" height=\"404\" srcset=\"https:\/\/peransbackpack.ovh\/peransbackpack\/wp-content\/uploads\/2020\/04\/perans-agri-img-1-1024x768.jpg 1024w, https:\/\/peransbackpack.ovh\/peransbackpack\/wp-content\/uploads\/2020\/04\/perans-agri-img-1-300x225.jpg 300w, https:\/\/peransbackpack.ovh\/peransbackpack\/wp-content\/uploads\/2020\/04\/perans-agri-img-1-768x576.jpg 768w, https:\/\/peransbackpack.ovh\/peransbackpack\/wp-content\/uploads\/2020\/04\/perans-agri-img-1-1536x1152.jpg 1536w, https:\/\/peransbackpack.ovh\/peransbackpack\/wp-content\/uploads\/2020\/04\/perans-agri-img-1-2048x1536.jpg 2048w\" sizes=\"auto, (max-width: 538px) 100vw, 538px\" \/><\/a><figcaption>Illustration: le paraquat, un produit interdit en UE que la France a&nbsp;<a rel=\"noreferrer noopener\" href=\"https:\/\/www.liberation.fr\/evenement\/2003\/11\/25\/paraquat-la-mort-au-bout-de-la-sulfateuse_452992\" target=\"_blank\">pourtant essayer de sauver<\/a>, pour \u00ab\u00a0l&rsquo;anecdote\u00a0\u00bb<\/figcaption><\/figure><\/div>\n\n\n\n<p class=\"has-text-align-justify\">Comme nous avons donc pu l&rsquo;\u00e9tudier, le labour et l&rsquo;utilisation d&rsquo;engrais chimiques viennent perturber un \u00e9cosyst\u00e8me fragile. Les sols d\u00e9grad\u00e9s&nbsp;<a href=\"https:\/\/www.monpetitcoinvert.com\/blog\/les-secrets-dune-vie-de-ver-de-terre\/\" target=\"_blank\" rel=\"noreferrer noopener\">biologiquement<\/a>&nbsp;et&nbsp;<a href=\"https:\/\/www.supagro.fr\/ress-pepites\/matiereorganique\/co\/1_3_1_5complexe_argilo_humique.html\" target=\"_blank\" rel=\"noreferrer noopener\">chimiquement<\/a>&nbsp;n&rsquo;assurent plus leur r\u00f4le d&rsquo;\u00e9ponge: nous sommes plus sujets aux s\u00e9cheresses et inondations. Pire, le sol s&rsquo;\u00e9rode et termine dans les rivi\u00e8res, puis dans les oc\u00e9ans. Nous perdons aussi la capacit\u00e9 en&nbsp;<a href=\"http:\/\/www.fao.org\/3\/a-bl001f.pdf\" target=\"_blank\" rel=\"noreferrer noopener\">stockage de carbone des sols<\/a>&nbsp;(<em>doc FAO, r\u00e9sum\u00e9 page 9<\/em>).&nbsp;<\/p>\n\n\n\n<div class=\"wp-block-cover has-background-dim has-background-gradient has-electric-grass-gradient-background\" style=\"min-height:128px;aspect-ratio:unset;\"><div class=\"wp-block-cover__inner-container is-layout-flow wp-block-cover-is-layout-flow\">\n<p class=\"has-text-color has-luminous-vivid-orange-color\"><strong>En +:<\/strong><\/p>\n\n\n\n<p class=\"has-text-color has-very-dark-gray-color\">Et tout le monde s&rsquo;en fout #54 &#8211; La terre&nbsp;<a href=\"https:\/\/youtu.be\/8fg5h7FxTkU\" target=\"_blank\" rel=\"noreferrer noopener\">https:\/\/youtu.be\/8fg5h7FxTkU<\/a><\/p>\n<\/div><\/div>\n\n\n\n<p>L&rsquo;\u00e9tat de notre environnement et la sant\u00e9 humaine \u00e9tant intrins\u00e8quement li\u00e9s, outre le labour, voici plusieurs pratiques dangereuses:<\/p>\n\n\n\n<ul class=\"wp-block-list\"><li>L&rsquo;utilisation de<strong>&nbsp;pesticides<\/strong>. Nous parlons souvent de la&nbsp;<a href=\"https:\/\/www.nationalgeographic.fr\/environnement\/la-sixieme-extinction-massive-deja-commence\" target=\"_blank\" rel=\"noreferrer noopener\">sixi\u00e8me extinction<\/a>&nbsp;pour d\u00e9signer la chute de la biodiversit\u00e9. Nombreuses sont les esp\u00e8ces animales dont nous d\u00e9pendons pour nous nourrir. Les insectes, notamment les pollinisateur en font partie, or, \u00ab\u00a0les pesticides constituent une&nbsp;<strong>menace majeure pour les pollinisateurs<\/strong>\u00a0\u00bb (<a href=\"http:\/\/causes%20et%20effets%20du%20d%C3%A9clin%20mondial%20des%20pollinisateurs%20et%20les%20moyens%20d%E2%80%99y%20rem%C3%A9dier\/\" target=\"_blank\" rel=\"noreferrer noopener\">Causes et effets du d\u00e9clin mondial des pollinisateurs et les moyens d\u2019y rem\u00e9dier<\/a>, Madeleine Chagnon, Ch 4.1 P21). Si la chute de la biodiversit\u00e9 est multifactorielle, l&rsquo;utilisation de pesticides est \u00e0 bannir si nous souhaitons enrayer ce ph\u00e9nom\u00e8ne. De plus, nombreuses sont les substances, comme le &#8211;<a href=\"https:\/\/reporterre.net\/Contamines-par-le-pesticide-les-pisseurs-de-glyphosate-portent-plainte\" target=\"_blank\" rel=\"noreferrer noopener\">d\u00e9cri\u00e9<\/a>&#8211; glyphosate, (RoundUp pour sa d\u00e9signation commerciale) qui sont d\u00e9sormais consid\u00e9r\u00e9es comme&nbsp;<a href=\"http:\/\/www.leparisien.fr\/societe\/cinq-pesticides-classes-cancerogenes-par-l-oms-21-03-2015-4623913.php\" target=\"_blank\" rel=\"noreferrer noopener\">canc\u00e9rog\u00e8nes pour l&rsquo;homme<\/a>.<\/li><li>La&nbsp;<strong>monoculture<\/strong>. Exigences de rentabilit\u00e9 obligent, la sp\u00e9cialisation des agriculteurs dans un secteur: viande, lait ou c\u00e9r\u00e9ales \u00e0 entra\u00een\u00e9 un ph\u00e9nom\u00e8ne de concentration des \u00e9levages et de larges monocultures. D&rsquo;un c\u00f4t\u00e9, de larges champs dans lesquels sont cultiv\u00e9s une vari\u00e9t\u00e9 unique de plante. De l&rsquo;autre, des tonnes de lisier qui seront utilis\u00e9s comme engrais. Les monocultures ont plusieurs inconv\u00e9nients: elles ont tendance \u00e0&nbsp;<a href=\"https:\/\/fr.wikipedia.org\/wiki\/Monoculture\" target=\"_blank\" rel=\"noreferrer noopener\">\u00e9puiser certains \u00e9l\u00e9ments nutritifs<\/a>&nbsp;des sols, posent de facto un probl\u00e8me de biodiversit\u00e9, et rendent les plantes plus vuln\u00e9rables face aux parasites (car leur source d&rsquo;alimentation est alors abondante). Faute de diversit\u00e9 alimentaire pour les insectes, ces derniers verraient alors leurs syst\u00e8me immunitaire s&rsquo;affaiblir.<\/li><li>Revenons sur la trop grande utilisation d&rsquo;<strong>engrais organiques<\/strong>&nbsp;(comme le lisier, responsable du ph\u00e9nom\u00e8ne mortel des&nbsp;<a href=\"https:\/\/reporterre.net\/Algues-vertes-en-Bretagne-4-points-pour-comprendre-le-probleme\" target=\"_blank\" rel=\"noreferrer noopener\">algues vertes en Bretagne<\/a>&nbsp;avec les exc\u00e8s de&nbsp;<a href=\"https:\/\/www.cpepesc.org\/L-EUTROPHISATION-des-rivieres-par.html\" target=\"_blank\" rel=\"noreferrer noopener\">nitrates<\/a>) et&nbsp;d&rsquo;<strong>engrais min\u00e9raux<\/strong>&nbsp;(issus de gisements naturels ou synth\u00e9tis\u00e9s par l&rsquo;industrie chimique) qui est \u00e9galement tr\u00e8s pr\u00e9occupante: les exc\u00e8s d&rsquo;<a href=\"https:\/\/www.terre-net.fr\/partenaire\/nourrirsesculturesetpreserverlair\/article\/pourquoi-les-engrais-sont-ils-montres-du-doigt-2938-147608.html\" target=\"_blank\" rel=\"noreferrer noopener\">ammoniaque g\u00e9n\u00e9r\u00e9s par l&rsquo;\u00e9pandage d&rsquo;engrais azot\u00e9s<\/a>&nbsp;dans l&rsquo;agriculture sont responsable de la formation de particules fines et de&nbsp;<a href=\"http:\/\/les.cahiers-developpement-durable.be\/outils\/pluies-acides\/\" target=\"_blank\" rel=\"noreferrer noopener\">pluies acides<\/a>, nocives pour notre sant\u00e9.<\/li><\/ul>\n\n\n\n<div class=\"wp-block-cover has-background-dim has-background-gradient\" style=\"background:linear-gradient(135deg,rgba(255,0,102,0.53) 0%,rgba(124,82,224,0.52) 100%);min-height:230px;aspect-ratio:unset;\"><div class=\"wp-block-cover__inner-container is-layout-flow wp-block-cover-is-layout-flow\">\n<p class=\"has-text-color has-vivid-red-color\"><strong>En +:<\/strong><\/p>\n\n\n\n<p class=\"has-text-color has-very-dark-gray-color\">Azote:&nbsp;<a href=\"https:\/\/www.monde-diplomatique.fr\/2018\/12\/AUBERT\/59315\" target=\"_blank\" rel=\"noreferrer noopener\">Proc\u00e9d\u00e9 Haber Bosch et les probl\u00e8mes<\/a>&nbsp;qu&rsquo;il engendre vs&nbsp;<a href=\"http:\/\/www.monjardinenpermaculture.fr\/pages\/les-plantes-fixatrices-dazote\" target=\"_blank\" rel=\"noreferrer noopener\">plantes naturellement fixatrices d&rsquo;azote<\/a>)<\/p>\n\n\n\n<p class=\"has-text-color has-very-dark-gray-color\">E<a href=\"https:\/\/www.20minutes.fr\/planete\/2749431-20200327-confinement-bretagne-trafic-routier-pourquoi-qualite-air-si-mauvaise\" target=\"_blank\" rel=\"noreferrer noopener\">xemple de l&rsquo;ampleur de la pollution d&rsquo;origine agricole pendant le confinement lors du coronavirus<\/a><\/p>\n<\/div><\/div>\n\n\n\n<h4 class=\"wp-block-heading\">Une qualit\u00e9 des aliments en berne<\/h4>\n\n\n\n<p class=\"has-text-align-justify\">L&rsquo;agriculture conventionnelle cr\u00e9\u00e9 des sols pauvres en nutriments. Malgr\u00e9 les apports en engrais, la plante est victime de carences et, comme nous l&rsquo;avons \u00e9tudi\u00e9 pr\u00e9c\u00e9demment, est moins \u00e0 m\u00eame de se d\u00e9fendre face aux divers parasites. Comme avec l&rsquo;exemple&nbsp;<a href=\"https:\/\/www.nouvelobs.com\/rue89\/rue89-planete\/20150126.RUE7557\/une-pomme-de-1950-equivaut-a-100-pommes-d-aujourd-hui.html\" target=\"_blank\" rel=\"noreferrer noopener\">de la pomme<\/a>, des oranges, de la viande&nbsp;ou encore des&nbsp;<a href=\"https:\/\/www.plus-saine-la-vie.com\/fruits-legumes\/tomates-biologiques-vs-tomates-conventionnelles\/\" target=\"_blank\" rel=\"noreferrer noopener\">tomates<\/a>, on constaterait une diff\u00e9rence entre la qualit\u00e9 nutritionnelle d&rsquo;un aliment \u00ab\u00a0conventionnel\u00a0\u00bb et celle d&rsquo;un aliment \u00ab\u00a0biologique\u00a0\u00bb. Les carences des aliments se reporteraient donc sur nous. Le constat dramatique partag\u00e9 par les articles mis en lien peut toutefois \u00eatre&nbsp;<a href=\"https:\/\/www.lemonde.fr\/les-decodeurs\/article\/2016\/10\/12\/qualite-nutritive-des-aliments-des-inquietudes-et-des-exagerations_5012617_4355770.html\" target=\"_blank\" rel=\"noreferrer noopener\">nuanc\u00e9<\/a>. Cette perte en \u00e9l\u00e9ments nutritifs peut \u00e9galement \u00eatre expliqu\u00e9e en partie par les traitements de&nbsp;<a href=\"https:\/\/youtu.be\/2Yi5CDq7eYs\" target=\"_blank\" rel=\"noreferrer noopener\">conservation chimique (je vous conseille le visionnage de la vid\u00e9o)<\/a>&nbsp;ou par&nbsp;<a href=\"https:\/\/www.iaea.org\/sites\/default\/files\/23305783336_fr.pdf\" target=\"_blank\" rel=\"noreferrer noopener\">irradiation<\/a>.&nbsp;<\/p>\n\n\n\n<h3 class=\"wp-block-heading\">Et la viande?&nbsp;<\/h3>\n\n\n\n<p class=\"has-text-align-justify\">Au sortir de la seconde guerre mondiale, nombreux sont les fermiers qui ont ont \u00ab\u00a0modernis\u00e9\u00a0\u00bb leurs infrastructures pour se sp\u00e9cialiser dans les \u00e9levages intensifs, en particulier de bovins, de porcs et de volaille. Aujourd&rsquo;hui,&nbsp;<a href=\"https:\/\/www.liberation.fr\/france\/2018\/06\/04\/porcs-bovins-volailles-la-vraie-vie-de-la-viande-francaise-dans-l-elevage-intensif_1656528\" target=\"_blank\" rel=\"noreferrer noopener\">80% des animaux consomm\u00e9s en France<\/a>&nbsp;proviennent d&rsquo;\u00e9levages intensifs, et ce nombre grimpe jusqu&rsquo;\u00e0 95% pour les cochons, dont la production nationale est, au passage,&nbsp;<a href=\"http:\/\/draaf.bretagne.agriculture.gouv.fr\/IMG\/pdf\/Document_complet_cle4e77d9.pdf\" target=\"_blank\" rel=\"noreferrer noopener\">majoritairement concentr\u00e9e<\/a>&nbsp;en Bretagne. Les animaux vont donc \u00eatre confin\u00e9s dans des b\u00e2timents ferm\u00e9s, et, outre l&rsquo;aspect du bien-\u00eatre animal, comme d\u00e9crit dans un&nbsp;<a href=\"https:\/\/www.anses.fr\/en\/system\/files\/NUT2012SA0103Ra-3.pdf\" target=\"_blank\" rel=\"noreferrer noopener\">rapport de la FAO<\/a>: \u00ab\u00a0<a href=\"https:\/\/www.viande.info\/elevage-viande-sante-maladies#biblio\" target=\"_blank\" rel=\"noreferrer noopener\">il n\u2019est pas surprenant que les trois-quarts des nouveaux pathog\u00e8nes ayant affect\u00e9 les humains dans les dix derni\u00e8res ann\u00e9es proviennent des animaux<\/a>\u00ab\u00a0. Outre les virus potentiellement transmissibles \u00e0 l&rsquo;homme, la trop grande utilisation d&rsquo;antibiotiques (on en utilise m\u00eame \u00e0 titre pr\u00e9ventif!) est une gigantesque menace pour l&rsquo;humanit\u00e9:&nbsp;<strong>nos pratiques aident \u00e0 cr\u00e9er des&nbsp;<a href=\"https:\/\/www.pourquoidocteur.fr\/Articles\/Question-d-actu\/30410-Resistance-antibiotiques-triple-20-ans-animaux-destines-l-alimentation\" target=\"_blank\" rel=\"noreferrer noopener\">bact\u00e9ries super-r\u00e9sistantes<\/a>. Cet enjeu est trop important pour \u00eatre laiss\u00e9 de c\u00f4t\u00e9 au nom d&rsquo;int\u00e9r\u00eats \u00e9conomiques!<\/strong><\/p>\n\n\n\n<blockquote class=\"wp-block-quote has-text-align-center is-style-large is-layout-flow wp-block-quote-is-layout-flow\"><p><em>\u00ab\u00a0La r\u00e9sistance aux antibiotiques menace notre mode de vie actuel et compromet toutes les avanc\u00e9es que la m\u00e9decine a effectu\u00e9es depuis plus de 70 ans.\u00a0\u00bb<\/em><\/p><cite><a rel=\"noreferrer noopener\" href=\"http:\/\/la%20r%C3%A9sistance%20aux%20antibiotiques%20menace%20notre%20mode%20de%20vie%20actuel%20et%20compromet%20toutes%20les%20avanc%C3%A9es%20que%20la%20m%C3%A9decine%20a%20effectu%C3%A9es%20depuis%20plus%20de%2070%20ans.\/\" target=\"_blank\">Minist\u00e8re des solidarit\u00e9s et de la sant\u00e9<\/a><\/cite><\/blockquote>\n\n\n\n<p class=\"has-text-color has-luminous-vivid-orange-color\"><strong>En +:<\/strong><\/p>\n\n\n\n<p><a href=\"https:\/\/www.who.int\/fr\/news-room\/detail\/07-11-2017-stop-using-antibiotics-in-healthy-animals-to-prevent-the-spread-of-antibiotic-resistance\" target=\"_blank\" rel=\"noreferrer noopener\">Note de l&rsquo;OMS au sujet des antibiotiques<\/a><\/p>\n\n\n\n<p><strong>Risques li\u00e9s \u00e0 la consommation de viande pour l&rsquo;environnement (et \u00e0 terme pour la sant\u00e9 humaine):<\/strong><\/p>\n\n\n\n<ul class=\"wp-block-list\"><li><strong>Changement climatique<\/strong>. Tout d&rsquo;abord, il faut prendre en compte le fait que la pollution li\u00e9e \u00e0 l&rsquo;\u00e9levage repr\u00e9sente&nbsp;<a href=\"http:\/\/www.fao.org\/docrep\/018\/i3437e\/i3437e.pdf\" target=\"_blank\" rel=\"noreferrer noopener\">14,5% des GES<\/a>&nbsp;(source FAO, rapport \u00ab\u00a0TACKLING CLIMATE CHANGE THROUGH LIVESTOCK\u00a0\u00bb.&nbsp;<em>La page 7 r\u00e9sume tout ce qui est pris en compte dans ces chiffres, et d\u00e9taille le mode de calcul<\/em>), avec l&rsquo;\u00e9levage bovin comme principal source d&rsquo;\u00e9mission.&nbsp;<\/li><li><strong>Pollution de l&rsquo;eau et d\u00e9gradation de la qualit\u00e9 de l&rsquo;air<\/strong>. Nous l&rsquo;avions \u00e9tudi\u00e9 dans la partie consacr\u00e9e aux engrais: les d\u00e9chets organiques issus de l&rsquo;\u00e9levage provoquent l&rsquo;eutrophisation des milieux aquatiques, mais sont \u00e9galement responsables d&rsquo;\u00e9missions d&rsquo;ammoniac (particules fines et pluies acides).<\/li><li><strong>D\u00e9forestation<\/strong>.&nbsp;<a href=\"https:\/\/sciencepost.fr\/la-hausse-de-la-consommation-mondiale-de-viande-va-detruire-lenvironnement-alertent-des-chercheurs\/\" target=\"_blank\" rel=\"noreferrer noopener\">Avec la demande mondiale croissante<\/a>&nbsp;en viande, la surface n\u00e9cessaire aux cultures pour nourrir les animaux d&rsquo;\u00e9levage augmente alors m\u00e9caniquement. Nos animaux, m\u00eame en France, sont nourris en partie avec des produits comme le tourteau de soja, import\u00e9, entre autres, d\u2019Am\u00e9rique du sud. Selon Greenpeace, l&rsquo;\u00e9levage bovin serait donc responsable de&nbsp;<a href=\"https:\/\/www.greenpeace.fr\/amazonie-un-inestimable-patrimoine-ecologique-en-danger\/\" target=\"_blank\" rel=\"noreferrer noopener\">80% de la d\u00e9forestation amazonienne<\/a>.&nbsp;<\/li><\/ul>\n\n\n\n<p class=\"has-text-align-justify\">Pour conclure ce chapitre carnivore, en plus des risques sanitaires et environnementaux majeurs pos\u00e9s par l&rsquo;industrie de l&rsquo;\u00e9levage, une trop grande consommation de viande pr\u00e9senterait de s\u00e9rieux risques pour la sant\u00e9&nbsp;du consommateur (<a href=\"https:\/\/www.who.int\/features\/qa\/cancer-red-meat\/fr\/\">cancers<\/a>,&nbsp;<a href=\"https:\/\/www.anses.fr\/en\/system\/files\/NUT2012SA0103Ra-3.pdf\">AVC, diab\u00e8te<\/a>&#8230;).&nbsp;<\/p>\n\n\n\n<h2 class=\"wp-block-heading\">Pour une meilleure utilisation de nos sols<\/h2>\n\n\n\n<h3 class=\"wp-block-heading\">Comment sont allou\u00e9es nos surfaces agricoles?&nbsp;<\/h3>\n\n\n\n<p class=\"has-drop-cap has-text-align-justify\">Tout d&rsquo;abord,&nbsp;<strong><a href=\"http:\/\/www.fao.org\/3\/a0701e\/a0701e00.htm\" target=\"_blank\" rel=\"noreferrer noopener\">70% des terres agricoles<\/a>&nbsp; mondiales seraient r\u00e9serv\u00e9es, directement ou indirectement \u00e0 la production de viande&nbsp;<\/strong>(source FAO). Il est important de raisonner en pensant \u00ab\u00a0global\u00a0\u00bb, car les aliments pour les animaux d&rsquo;\u00e9levage peuvent \u00eatre import\u00e9s, et l&rsquo;impact au niveau national pourrait ainsi \u00eatre sous-estim\u00e9. Selon un&nbsp;<a href=\"https:\/\/fr.wfp.org\/communiques-de-presse\/rapport-de-lonu-la-faim-dans-le-monde-persiste-alors-que-lobesite-continue-de\" target=\"_blank\" rel=\"noreferrer noopener\">rapport de l&rsquo;ONU<\/a>, plus de&nbsp;<strong>820 millions de personnes souffrent de la faim dans le monde<\/strong>, alors que chez d&rsquo;autres populations, des ph\u00e9nom\u00e8nes morbides comme l&rsquo;ob\u00e9sit\u00e9 sont toujours en augmentation! Dans un contexte mondialis\u00e9, est-il moral de constater qu&rsquo;autant de surfaces agricoles puissent \u00eatre consacr\u00e9es \u00e0 la production de viande, alors que la famine est toujours tr\u00e8s pr\u00e9sente?&nbsp;<\/p>\n\n\n\n<div class=\"wp-block-image\"><figure class=\"alignleft size-large is-resized\"><a href=\"https:\/\/1.bp.blogspot.com\/-RhYXNnEP-S0\/XpMZVvLuNXI\/AAAAAAAAiYw\/Fird7GW1_UYbJ71X3lUPiOohDewnJtxxACEwYBhgLKs4DAMBZVoDpmYymaqHOg_Qcre-PruukZ4DLVzZ5Fel7yEa-bbOIq-ySevJ4JCDJ9ujBVu_Y1Vdtp1i-cQ4jegmYdFn2k9YyXqfuAit_w6fuWkZyWa8REZw32jBIXxDKGixZM0pzV9OgjN8gvj_GfvU_fyRPKWjywMA9ubpu0ssPbnOKiR9lQBQsnF-KykQr0ykXkShKXe2SUmy3PfGqs41jvKBD0fktzws4NOhYahRxOFoDt93o8t6FIKRILKgLeaZmTGOu7mr1JB1i4BkO0Dwkd02gx4L5NHaK2DZxThBRzXN90-zIl-M5Y8E2X9CTHLdUpu2kFMmjSJ5a8EwjBfTpwGNjNxFZpI7Ooe0WcI75IasUvSXUrPd-le9_SRKHdVrjGGR8mrbWJGMFnR3gKsCZzoLQxpzBI2XZryTl85NhnwjEBfpDn3FzWqoX8sfa48Df3nnVCliobQ0EsZMhL3kmaTnpQtigZu1D4VhJw9cymGOVQNTdRlBHtfaR9pa_XE7AIzcGKPcilVFmp_M8kvNy9-ohwCaC8H5i8VioIfEH29PkUn73AjSkGK6z8ftOXs_tUBv9umCbzTkg9KNOq6QILKyal1IupWkWBy_MjApwMLu4zPQF\/s1600\/perans%2Bagri%2Bimg-6.jpg\"><img loading=\"lazy\" decoding=\"async\" src=\"https:\/\/peransbackpack.ovh\/peransbackpack\/wp-content\/uploads\/2020\/04\/perans-agri-img-9-1024x768.jpg\" alt=\"\" class=\"wp-image-340\" width=\"382\" height=\"287\" srcset=\"https:\/\/peransbackpack.ovh\/peransbackpack\/wp-content\/uploads\/2020\/04\/perans-agri-img-9-1024x768.jpg 1024w, https:\/\/peransbackpack.ovh\/peransbackpack\/wp-content\/uploads\/2020\/04\/perans-agri-img-9-300x225.jpg 300w, https:\/\/peransbackpack.ovh\/peransbackpack\/wp-content\/uploads\/2020\/04\/perans-agri-img-9-768x576.jpg 768w, https:\/\/peransbackpack.ovh\/peransbackpack\/wp-content\/uploads\/2020\/04\/perans-agri-img-9-1536x1152.jpg 1536w, https:\/\/peransbackpack.ovh\/peransbackpack\/wp-content\/uploads\/2020\/04\/perans-agri-img-9-2048x1536.jpg 2048w\" sizes=\"auto, (max-width: 382px) 100vw, 382px\" \/><\/a><\/figure><\/div>\n\n\n\n<p class=\"has-text-align-justify\">Ensuite, une&nbsp;<a href=\"http:\/\/www.ifpenergiesnouvelles.fr\/content\/download\/74131\/1556000\/version\/2\/file\/10_Panorama-2014+-+Tour+d%5C%27horizon+des+fili%C3%A8res+biocarburants+dans+le+monde.pdf\" target=\"_blank\" rel=\"noreferrer noopener\">surface croissante<\/a>&nbsp;des espaces agricoles est d\u00e9sormais consacr\u00e9e aux \u00ab\u00a0<strong>biocarburants<\/strong>\u00ab\u00a0, aussi d\u00e9sign\u00e9s sous le nom d'\u00a0\u00bb<strong>agrocarburants<\/strong>\u00ab\u00a0, utilis\u00e9s pour fabriquer de l&rsquo;\u00e9thanol et du biodiesel. Ces carburants repr\u00e9sentent 7% de la consommation fran\u00e7aise, et la<a href=\"https:\/\/www.ecologique-solidaire.gouv.fr\/biocarburants\" target=\"_blank\" rel=\"noreferrer noopener\">&nbsp;surface agricole consacr\u00e9e \u00e0 ces carburants<\/a>&nbsp;serait de 3% (chiffre limit\u00e9 au vu des importations). L&rsquo;ADEME consid\u00e8re, \u00ab\u00a0sans prendre en compte le changement d&rsquo;affectation des sols\u00a0\u00bb, que l&rsquo;<a href=\"https:\/\/www.ademe.fr\/expertises\/energies-renouvelables-enr-production-reseaux-stockage\/passer-a-laction\/produire-biocarburants\/dossier\/produire-biocarburants-premiere-generation\/impacts\" target=\"_blank\" rel=\"noreferrer noopener\">impact de ces carburants en \u00e9missions de GES<\/a>&nbsp;serait plus l\u00e9ger qu&rsquo;avec les \u00e9nergies fossiles (produits p\u00e9troliers). Mais, en prenant en compte le changement d&rsquo;affectation des sols (c&rsquo;est \u00e0 dire transformer une prairie ou encore une for\u00eat, en surface agricole), on arriverait \u00e0 la conclusion que&nbsp;<a href=\"https:\/\/www.lemonde.fr\/energies\/article\/2016\/04\/28\/les-biocarburants-emettent-plus-de-co2-que-l-essence-et-le-diesel_4910371_1653054.html\" target=\"_blank\" rel=\"noreferrer noopener\"><strong>les agrocarburants \u00e9mettraient jusqu&rsquo;\u00e0 3 fois plus de GES<\/strong>&nbsp;<\/a>que leurs \u00e9quivalents d\u00e9riv\u00e9s du p\u00e9trole! Outre l&rsquo;inefficacit\u00e9 apparente de ce type de carburant pour lutter contre le changement climatique, les impacts environnementaux seraient d\u00e9vastateurs:&nbsp;<strong>les biocarburants seraient en grande partie \u00ab\u00a0<a href=\"http:\/\/www.leparisien.fr\/archives\/le-bilan-conteste-des-biocarburants-actuels-21-05-2012-2008933.php\" target=\"_blank\" rel=\"noreferrer noopener\">import\u00e9s du Br\u00e9sil, d&rsquo;Indon\u00e9sie ou de Malaisie, o\u00f9 ils se d\u00e9veloppent souvent au d\u00e9triment de la for\u00eat vierge<\/a>\u00ab\u00a0<\/strong>. Outre l&rsquo;aspect d\u00e9forestation, les cultures de colza et de betterave, plantes utilis\u00e9es pour la production de biocarburant, seraient fortement consommatrices de pesticides, ce qui viendrait aggraver l&rsquo;impact environnemental de cette \u00e9nergie.<\/p>\n\n\n\n<div class=\"wp-block-image\"><figure class=\"alignright is-resized\"><a href=\"https:\/\/1.bp.blogspot.com\/-bPdpXcYWamU\/XpAWenHMe-I\/AAAAAAAAiSs\/kfgKAFXTtEgJMvz3SQ6b2CvqbKNvvH_YwCLcBGAsYHQ\/s1600\/cerema%2Bartificialisation%2Bdes%2Bsols.JPG\"><img loading=\"lazy\" decoding=\"async\" src=\"https:\/\/1.bp.blogspot.com\/-bPdpXcYWamU\/XpAWenHMe-I\/AAAAAAAAiSs\/kfgKAFXTtEgJMvz3SQ6b2CvqbKNvvH_YwCLcBGAsYHQ\/s320\/cerema%2Bartificialisation%2Bdes%2Bsols.JPG\" alt=\"\" width=\"310\" height=\"328\"\/><\/a><figcaption><a rel=\"noreferrer noopener\" href=\"https:\/\/www.cerema.fr\/fr\/actualites\/artificialisation-du-sol-rapport-determinants-consommation\" target=\"_blank\">Consommation d&rsquo;espaces naturels, agricoles et forestiers (NAF) en hectares entre 2009 et 2017<\/a><\/figcaption><\/figure><\/div>\n\n\n\n<p class=\"has-text-align-justify\">En plus des mauvaises utilisations faites de nos surfaces agricoles, nous devons \u00e9galement faire face au probl\u00e8me de l&rsquo;<strong>artificialisation des sols<\/strong>: c&rsquo;est \u00e0 dire les surfaces dont l&rsquo;usage \u00e0 \u00e9t\u00e9 chang\u00e9. D&rsquo;apr\u00e8s le CEREMA, \u00ab\u00a0l&rsquo;artificialisation a d&rsquo;abord lieu \u00e0 destination de l\u2019habitat (68%), puis de l\u2019activit\u00e9 (25%)\u00a0\u00bb. Tous les ans, ce sont des dizaines de milliers d&rsquo;hectares de surfaces cultivables qui disparaissent! Ces surfaces, une fois goudronn\u00e9es et b\u00e9tonn\u00e9es, ne pourront plus, ou difficilement servir \u00e0 notre alimentation. J&rsquo;ai essay\u00e9, au maximum, d&rsquo;apporter de l&rsquo;objectivit\u00e9 dans cet article, mais ce probl\u00e8me m&rsquo;invite \u00e0 parler de mon exp\u00e9rience personnelle \u00e0 titre d&rsquo;illustration: j&rsquo;ai vu le littoral breton voir ses terres (prairies, bois&#8230;) grignot\u00e9es au profit de zones d&rsquo;habitations et commerciales. De banals pavillons ancr\u00e9s sur des petites parcelles jouxtent d&rsquo;exasp\u00e9rants centres commerciaux. Le ph\u00e9nom\u00e8ne des r\u00e9sidences secondaires dans la r\u00e9gion n&rsquo;est pas \u00e9tranger \u00e0 ce changement de paysage: les populations locales voient les prix exploser et se rabattent donc sur des logements plus \u00e9conomiques. Le malaise est double: alors que des personnes connaissent des difficult\u00e9s pour se loger,&nbsp;<a href=\"https:\/\/www.franceinter.fr\/economie\/le-nombre-de-logements-vacants-progresse-encore-en-france\" target=\"_blank\" rel=\"noreferrer noopener\">le nombre de logements vacants progresse<\/a>!<em>&nbsp;Je pense \u00e9crire bient\u00f4t un article d\u00e9di\u00e9 \u00e0 ce probl\u00e8me, en \u00e9voquant la sp\u00e9cificit\u00e9 du territoire breton.&nbsp;<\/em><\/p>\n\n\n\n<h2 class=\"wp-block-heading\">Quelles solutions pour demain?<\/h2>\n\n\n\n<h3 class=\"wp-block-heading\">Une constellation nomm\u00e9e agriculture alternative<\/h3>\n\n\n\n<p class=\"has-drop-cap has-text-align-justify\">La modernisation de l&rsquo;agriculture men\u00e9e apr\u00e8s la seconde guerre mondiale, dans les ann\u00e9es 60, a tout d&rsquo;abord connu des r\u00e9sistances dans le milieu agricole, avec des mouvements pr\u00e9coces comme celui du&nbsp;<a href=\"https:\/\/www.modef.fr\/\" target=\"_blank\" rel=\"noreferrer noopener\">MODEF<\/a>&nbsp;vers 1950, puis le Mouvement rural de jeunesse chr\u00e9tienne (MRJC) dans les ann\u00e9es 60, et plus tardivement la naissance de la Conf\u00e9d\u00e9ration Paysanne en 1987, pour ne citer que quelques exemples. Hors du monde agricole, le milieu associatif (associations de d\u00e9fense de l&rsquo;environnement par exemple) participe largement \u00e0 la promotion d&rsquo;une agriculture diff\u00e9rente.&nbsp;<\/p>\n\n\n\n<p class=\"has-text-align-justify\">L&rsquo;agriculture alternative est un vaste terme, englobant les types de production qui cherchent \u00e0 contrer les effets de l&rsquo;agriculture dite intensive. Agriculture&nbsp;<strong>biologique&nbsp;<\/strong>(refus des produits chimiques),&nbsp;<strong>paysanne&nbsp;<\/strong>(exploitations \u00e0 taille humaine) ou encore&nbsp;<strong>durable&nbsp;<\/strong>(suivant les principes du d\u00e9veloppement durable) se d\u00e9marquent de l&rsquo;agriculture intensive tout en&nbsp;<a href=\"https:\/\/www.avise.org\/articles\/agriculture-durable-de-quoi-parle-t-on\" target=\"_blank\" rel=\"noreferrer noopener\">conservant leurs sp\u00e9cificit\u00e9s<\/a>.<\/p>\n\n\n\n<div class=\"wp-block-cover has-background-dim has-background-gradient\" style=\"background:linear-gradient(135deg,rgba(6,117,229,0.76) 0%,rgba(82,224,86,0.18) 100%);min-height:192px;aspect-ratio:unset;\"><div class=\"wp-block-cover__inner-container is-layout-flow wp-block-cover-is-layout-flow\">\n<p class=\"has-text-color has-luminous-vivid-orange-color\"><strong>En +:<\/strong><\/p>\n\n\n\n<p class=\"has-text-color has-very-dark-gray-color\"><a href=\"http:\/\/les%20mouvements%20agricoles%20alternatifs\/\" target=\"_blank\" rel=\"noreferrer noopener\">Les mouvements agricoles alternatifs<\/a>, de Estelle Del\u00e9age, dans&nbsp;<em>Informations Sociales<\/em><\/p>\n\n\n\n<p class=\"has-text-color has-very-dark-gray-color\"><a href=\"https:\/\/www.agricultures-alternatives.org\/\" target=\"_blank\" rel=\"noreferrer noopener\">P\u00f4le Inpact<\/a>&nbsp;(Agricultures alternatives)<\/p>\n<\/div><\/div>\n\n\n\n<h4 class=\"wp-block-heading\">Agriculture alternative, quelles techniques?<\/h4>\n\n\n\n<p>Pour parvenir \u00e0 pratiquer une agriculture alternative, nombreuses sont les techniques existantes. Tentons un petit tour d&rsquo;horizon non exhaustif.<\/p>\n\n\n\n<p><strong>La biodynamie<\/strong><\/p>\n\n\n\n<p class=\"has-text-align-justify\">Avec des origines remontant aux ann\u00e9es 1920, la&nbsp;<a href=\"https:\/\/www.bio-dynamie.org\/biodynamie\/presentation\/\" target=\"_blank\" rel=\"noreferrer noopener\">biodynamie<\/a>, pr\u00e9curseur de l&rsquo;agriculture biologique et fond\u00e9e par Rudolf Steiner, semble \u00eatre le mouvement le plus ancien s\u2019int\u00e9ressant \u00e0 la sant\u00e9 de la terre. La terre y est consid\u00e9r\u00e9e comme un tout, on cherche \u00e0 \u00e9quilibrer les \u00e9nergies et \u00e0 tenir compte des rythmes cosmiques.&nbsp;<a href=\"https:\/\/www.bio-dynamie.org\/biodynamie\/presentation\/\" target=\"_blank\" rel=\"noreferrer noopener\">En savoir + sur la biodynamie<\/a><\/p>\n\n\n\n<p><strong>L&rsquo;agriculture biologique<\/strong><\/p>\n\n\n\n<div class=\"wp-block-image\"><figure class=\"alignleft is-resized\"><a href=\"https:\/\/1.bp.blogspot.com\/-OiqKShe-k_o\/XpKk4sGNvVI\/AAAAAAAAiXQ\/0wlDi7aIr_cyyNWyNKebhVQ96btY5fzcACLcBGAsYHQ\/s1600\/ab.JPG\"><img loading=\"lazy\" decoding=\"async\" src=\"https:\/\/1.bp.blogspot.com\/-OiqKShe-k_o\/XpKk4sGNvVI\/AAAAAAAAiXQ\/0wlDi7aIr_cyyNWyNKebhVQ96btY5fzcACLcBGAsYHQ\/s200\/ab.JPG\" alt=\"\" width=\"123\" height=\"108\"\/><\/a><figcaption>Label Agriculture biologique<\/figcaption><\/figure><\/div>\n\n\n\n<p class=\"has-text-align-justify\">L&rsquo;agriculture biologique refuse les produits chimiques et les pesticides de synth\u00e8se. En France, le label \u00ab\u00a0AB\u00a0\u00bb permet de certifier les produits issus de ce type d&rsquo;agriculture. Ce label offre d&rsquo;autres garanties, comme des produits finis plus naturels (colorants et ar\u00f4mes chimiques interdits, additifs limit\u00e9s, refus des OGM et cahier des charges pour le bien-\u00eatre animal). Prudence tout de m\u00eame, l&rsquo;agriculture dite biologique est souvent montr\u00e9e du doigt pour les&nbsp;<a href=\"https:\/\/www.lefigaro.fr\/conso\/60-millions-de-consommateurs-alerte-sur-les-derives-du-bio-20190605\" target=\"_blank\" rel=\"noreferrer noopener\">d\u00e9rives qu&rsquo;elle autorise<\/a>, notamment avec le label europ\u00e9en. En effet, on peut tr\u00e8s bien faire de la bio pas \u00ab\u00a0\u00e9colo\u00a0\u00bb! Entre les produits sur-emball\u00e9s dans du plastique, ceux qui parcourent des distances importantes, le maintien du labour ou encore l&rsquo;utilisation de serres chauff\u00e9es, la mainmise des industriels sur cette opportunit\u00e9 marketing peut avoir des effets d\u00e9l\u00e9t\u00e8res pour l&rsquo;environnement&#8230;<\/p>\n\n\n\n<p class=\"has-text-align-justify\">Initiative int\u00e9ressante pour lutter contre les pollutions g\u00e9n\u00e9r\u00e9es par l&rsquo;aquaculture traditionnelle (d\u00e9jections, antibiotiques, etc.):&nbsp;<strong>l&rsquo;aquaponie&nbsp;<\/strong>se pr\u00e9sente comme un syst\u00e8me vertueux, applicable notamment en ville, qui a pour but de faire cohabiter poissons, bact\u00e9ries et plantes.&nbsp;<a href=\"https:\/\/youtu.be\/acpJL7lxhQQ\" target=\"_blank\" rel=\"noreferrer noopener\">Un exemple de production locale en ville r\u00e9ussie<\/a>?&nbsp;<\/p>\n\n\n\n<div class=\"wp-block-cover has-background-dim has-background-gradient\" style=\"background:linear-gradient(135deg,rgba(250,183,0,0.11) 0%,rgba(255,106,0,0.54) 99%);min-height:288px;aspect-ratio:unset;\"><div class=\"wp-block-cover__inner-container is-layout-flow wp-block-cover-is-layout-flow\">\n<p class=\"has-text-color has-luminous-vivid-orange-color\"><strong>En +:<\/strong><\/p>\n\n\n\n<p class=\"has-text-color has-very-dark-gray-color\"><a href=\"https:\/\/www.agencebio.org\/decouvrir-le-bio\/quest-ce-que-lagriculture-biologique\/\" target=\"_blank\" rel=\"noreferrer noopener\">En savoir + sur l&rsquo;agriculture biologique<\/a><\/p>\n\n\n\n<p class=\"has-text-color has-very-dark-gray-color\"><a href=\"https:\/\/youtu.be\/4wXf0OrT4AI\" target=\"_blank\" rel=\"noreferrer noopener\">Documentaire BRUT court sur l&rsquo;agriculture bio intensive<\/a>&nbsp;\u00e0 l&rsquo;\u00e9chelle humaine, et rentable<\/p>\n\n\n\n<p class=\"has-text-color has-very-dark-gray-color\"><a href=\"https:\/\/vertigolab.eu\/bioponie-faire-rimer-bio-sol-solution-preserves-nos-ecosystemes\/\" target=\"_blank\" rel=\"noreferrer noopener\">L&rsquo;<strong>hydroponie biologique<\/strong>, kesako?&nbsp;<\/a><\/p>\n\n\n\n<p class=\"has-text-color has-very-dark-gray-color\"><a href=\"https:\/\/www.1h2o3.com\/apprendre\/aquaponie\/differences-entre-aquaponie-et-hydroponie\/\" target=\"_blank\" rel=\"noreferrer noopener\">Diff\u00e9rence entre hydroponie et aquaponie?<\/a><\/p>\n<\/div><\/div>\n\n\n\n<p><\/p>\n\n\n\n<p><strong>L&rsquo;agroforesterie<\/strong><\/p>\n\n\n\n<p class=\"has-text-align-justify\">Sujet abord\u00e9 dans le ZAP r\u00e9alis\u00e9 en parall\u00e8le de cet article, la compl\u00e9mentarit\u00e9 entre les arbres et des cultures est une alternative agricole int\u00e9ressante: l&rsquo;arbre apporte de la mati\u00e8re organique au sol, remonte de l&rsquo;eau et des min\u00e9raux, apporte de l&rsquo;ombre et permet de lutter contre les ph\u00e9nom\u00e8nes climatiques extr\u00eames. Cette r\u00e9introduction des arbres dans les parcelles agricoles permettrait de restaurer la vitalit\u00e9 des sols tout en proposant aux fermes conventionnelles une transformation simplifi\u00e9e. En France, l&rsquo;INRA semble s&rsquo;int\u00e9resser de pr\u00e8s \u00e0 cette pratique, avec des r\u00e9sultats prometteurs!&nbsp;<\/p>\n\n\n\n<p><a href=\"https:\/\/www.agroforesterie.fr\/definition-agroforesterie.php\" target=\"_blank\" rel=\"noreferrer noopener\">En savoir plus sur l&rsquo;agroforesterie<\/a><\/p>\n\n\n\n<p><strong>La permaculture<\/strong><\/p>\n\n\n\n<div class=\"wp-block-image\"><figure class=\"alignleft size-large is-resized\"><a href=\"https:\/\/1.bp.blogspot.com\/-wBKxA1kePYo\/XpMZVxMCkUI\/AAAAAAAAiYs\/crL6MLQRvRoG5oPW70Y_i4Nkql6y5WeWACEwYBhgLKs4DAMBZVoDpmYymaqHOg_Qcre-PruukZ4DLVzZ5Fel7yEa-bbOIq-ySevJ4JCDJ9ujBVu_Y1Vdtp1i-cQ4jegmYdFn2k9YyXqfuAit_w6fuWkZyWa8REZw32jBIXxDKGixZM0pzV9OgjN8gvj_GfvU_fyRPKWjywMA9ubpu0ssPbnOKiR9lQBQsnF-KykQr0ykXkShKXe2SUmy3PfGqs41jvKBD0fktzws4NOhYahRxOFoDt93o8t6FIKRILKgLeaZmTGOu7mr1JB1i4BkO0Dwkd02gx4L5NHaK2DZxThBRzXN90-zIl-M5Y8E2X9CTHLdUpu2kFMmjSJ5a8EwjBfTpwGNjNxFZpI7Ooe0WcI75IasUvSXUrPd-le9_SRKHdVrjGGR8mrbWJGMFnR3gKsCZzoLQxpzBI2XZryTl85NhnwjEBfpDn3FzWqoX8sfa48Df3nnVCliobQ0EsZMhL3kmaTnpQtigZu1D4VhJw9cymGOVQNTdRlBHtfaR9pa_XE7AIzcGKPcilVFmp_M8kvNy9-ohwCaC8H5i8VioIfEH29PkUn73AjSkGK6z8ftOXs_tUBv9umCbzTkg9KNOq6QILKyal1IupWkWBy_MjApwMLu4zPQF\/s1600\/perans%2Bagri%2Bimg-8.jpg\"><img loading=\"lazy\" decoding=\"async\" src=\"https:\/\/peransbackpack.ovh\/peransbackpack\/wp-content\/uploads\/2020\/04\/perans-agri-img-8-1024x768.jpg\" alt=\"\" class=\"wp-image-342\" width=\"377\" height=\"282\" srcset=\"https:\/\/peransbackpack.ovh\/peransbackpack\/wp-content\/uploads\/2020\/04\/perans-agri-img-8-1024x768.jpg 1024w, https:\/\/peransbackpack.ovh\/peransbackpack\/wp-content\/uploads\/2020\/04\/perans-agri-img-8-300x225.jpg 300w, https:\/\/peransbackpack.ovh\/peransbackpack\/wp-content\/uploads\/2020\/04\/perans-agri-img-8-768x576.jpg 768w, https:\/\/peransbackpack.ovh\/peransbackpack\/wp-content\/uploads\/2020\/04\/perans-agri-img-8-1536x1152.jpg 1536w, https:\/\/peransbackpack.ovh\/peransbackpack\/wp-content\/uploads\/2020\/04\/perans-agri-img-8-2048x1536.jpg 2048w\" sizes=\"auto, (max-width: 377px) 100vw, 377px\" \/><\/a><\/figure><\/div>\n\n\n\n<p class=\"has-text-align-justify\">La permaculture est une d\u00e9marche holistique qui va au del\u00e0 de l&rsquo;agro\u00e9cologie. N\u00e9e dans les ann\u00e9es 70 en Australie avec Bill Mollison et David Holmgren, ce courant propose une \u00e9thique humaine et environnementale. Diff\u00e9rentes techniques respectueuses des milieux naturels permettent d&rsquo;offrir une certaine abondance alimentaire et un impact vertueux sur l&rsquo;environnement.&nbsp;<\/p>\n\n\n\n<div class=\"wp-block-cover has-background-dim has-background-gradient\" style=\"background:linear-gradient(135deg,rgba(254,205,164,0) 0%,rgba(254,47,47,0.71) 48%,rgb(171,11,104) 100%);min-height:270px;aspect-ratio:unset;\"><div class=\"wp-block-cover__inner-container is-layout-flow wp-block-cover-is-layout-flow\">\n<p class=\"has-text-color has-luminous-vivid-orange-color\"><strong>En +:<\/strong><\/p>\n\n\n\n<p>Documentaire BRUT sur la&nbsp;<a href=\"https:\/\/www.brut.media\/fr\/international\/visite-de-la-ferme-du-bec-hellouin-en-normandie-ffed4de7-87e6-4ef1-9234-e23834450a1a\" target=\"_blank\" rel=\"noreferrer noopener\">ferme du Bec Hellouin<\/a><\/p>\n\n\n\n<p>Reporterre:&nbsp;<a href=\"https:\/\/reporterre.net\/Ca-y-est-J-ai-compris-ce-qu-est-la-permaculture\" target=\"_blank\" rel=\"noreferrer noopener\">j&rsquo;ai compris ce qu&rsquo;est la permaculture<\/a><\/p>\n\n\n\n<p>La&nbsp;<a href=\"https:\/\/designecologique.ca\/foret-nourriciere\/\" target=\"_blank\" rel=\"noreferrer noopener\">for\u00eat nourrici\u00e8re<\/a><\/p>\n<\/div><\/div>\n\n\n\n<p class=\"has-text-align-justify\">Toutes ces techniques, si elles sont pratiqu\u00e9es avec une logique de circuits courts (contrairement \u00e0&nbsp; ce qui est observ\u00e9 avec certains produits labellis\u00e9s \u00ab\u00a0AB\u00a0\u00bb), de promotion de la biodiversit\u00e9, de respect de l&rsquo;environnement et de viabilit\u00e9 \u00e9conomique pour les producteurs, permettent d&rsquo;entrevoir ce qui sera je l&rsquo;esp\u00e8re la prochaine r\u00e9volution agricole. Dans tous les cas, les besoins en main d&rsquo;oeuvre seront plus importants; il faudra utiliser des techniques et des cultures adapt\u00e9es au terrain, en privil\u00e9giant des semences paysannes (voir le travail de l&rsquo;<a href=\"https:\/\/kokopelli-semences.fr\/fr\/\" target=\"_blank\" rel=\"noreferrer noopener\">association Kokopelli<\/a>), et veiller \u00e0 limiter strictement la pratique du labour.&nbsp;<\/p>\n\n\n\n<h3 class=\"wp-block-heading\">L\u00e9gif\u00e9rer pour une meilleure agriculture: parlons d\u00e9mocratie<\/h3>\n\n\n\n<p class=\"has-drop-cap has-text-align-justify\">Changer la loi et adopter une politique volontariste pour, entre autres, promouvoir une agriculture p\u00e9renne, locale et responsable, dans un contexte de respect de l&rsquo;environnement ne para\u00eet pas \u00eatre la direction prise ni par l&rsquo;Union Europ\u00e9enne, ni par la France.<\/p>\n\n\n\n<div class=\"wp-block-image\"><figure class=\"alignright size-large is-resized\"><a href=\"https:\/\/1.bp.blogspot.com\/-W_zmDAQNdRg\/XpMZWijhBFI\/AAAAAAAAiYw\/41tu3hAG4oIUSnEm8dYIy2x40G-YugM2gCEwYBhgLKs4DAMBZVoDpmYymaqHOg_Qcre-PruukZ4DLVzZ5Fel7yEa-bbOIq-ySevJ4JCDJ9ujBVu_Y1Vdtp1i-cQ4jegmYdFn2k9YyXqfuAit_w6fuWkZyWa8REZw32jBIXxDKGixZM0pzV9OgjN8gvj_GfvU_fyRPKWjywMA9ubpu0ssPbnOKiR9lQBQsnF-KykQr0ykXkShKXe2SUmy3PfGqs41jvKBD0fktzws4NOhYahRxOFoDt93o8t6FIKRILKgLeaZmTGOu7mr1JB1i4BkO0Dwkd02gx4L5NHaK2DZxThBRzXN90-zIl-M5Y8E2X9CTHLdUpu2kFMmjSJ5a8EwjBfTpwGNjNxFZpI7Ooe0WcI75IasUvSXUrPd-le9_SRKHdVrjGGR8mrbWJGMFnR3gKsCZzoLQxpzBI2XZryTl85NhnwjEBfpDn3FzWqoX8sfa48Df3nnVCliobQ0EsZMhL3kmaTnpQtigZu1D4VhJw9cymGOVQNTdRlBHtfaR9pa_XE7AIzcGKPcilVFmp_M8kvNy9-ohwCaC8H5i8VioIfEH29PkUn73AjSkGK6z8ftOXs_tUBv9umCbzTkg9KNOq6QILKyal1IupWkWBy_MjApwMLu4zPQF\/s1600\/perans%2Bagri%2Bimg-9.jpg\"><img loading=\"lazy\" decoding=\"async\" src=\"https:\/\/peransbackpack.ovh\/peransbackpack\/wp-content\/uploads\/2020\/04\/perans-agri-img-6-1024x768.jpg\" alt=\"\" class=\"wp-image-343\" width=\"370\" height=\"278\" srcset=\"https:\/\/peransbackpack.ovh\/peransbackpack\/wp-content\/uploads\/2020\/04\/perans-agri-img-6-1024x768.jpg 1024w, https:\/\/peransbackpack.ovh\/peransbackpack\/wp-content\/uploads\/2020\/04\/perans-agri-img-6-300x225.jpg 300w, https:\/\/peransbackpack.ovh\/peransbackpack\/wp-content\/uploads\/2020\/04\/perans-agri-img-6-768x576.jpg 768w, https:\/\/peransbackpack.ovh\/peransbackpack\/wp-content\/uploads\/2020\/04\/perans-agri-img-6-1536x1152.jpg 1536w, https:\/\/peransbackpack.ovh\/peransbackpack\/wp-content\/uploads\/2020\/04\/perans-agri-img-6-2048x1536.jpg 2048w\" sizes=\"auto, (max-width: 370px) 100vw, 370px\" \/><\/a><\/figure><\/div>\n\n\n\n<p class=\"has-text-align-justify\">Parlons tout d&rsquo;abord, au niveau europ\u00e9en, de la Politique Agricole Commune (la PAC), et des aides vers\u00e9es aux agriculteurs. La cour des comptes, en France, jugeait que \u00ab\u00a0<a href=\"https:\/\/www.challenges.fr\/economie\/la-cour-des-comptes-tire-a-boulets-rouges-sur-la-pac_635686\" target=\"_blank\" rel=\"noreferrer noopener\">le mode de r\u00e9partition de ces aides, facteur de fortes in\u00e9galit\u00e9s, n&rsquo;a plus de justification pertinente<\/a>\u00ab\u00a0. En effet, le mode de calcul privil\u00e9gie la surface exploit\u00e9e, b\u00e9n\u00e9ficiant de fait \u00e0 l&rsquo;agriculture intensive. Bien s\u00fbr, il est question de r\u00e9formes au sein de cette institution. Au vu du budget allou\u00e9, ce serait d\u00e9terminant pour la transition n\u00e9cessaire dans l&rsquo;agriculture: la PAC repr\u00e9sente&nbsp;<a href=\"https:\/\/www.greenpeace.fr\/partage-budget-de-pac\/\" target=\"_blank\" rel=\"noreferrer noopener\">40% du budget europ\u00e9en<\/a>, soit 58 milliards d&rsquo;euros (<a href=\"https:\/\/lot.chambre-agriculture.fr\/communication\/le-cout-annuel-de-la-pac-par-habitant\/\" target=\"_blank\" rel=\"noreferrer noopener\">soit 117 euros par habitant<\/a>). Si cette politique commune \u00e9tait maintenue, il faudrait toutefois pratiquer un lobbying intense afin de parvenir \u00e0 un changement, car l&rsquo;UE semble en proie au&nbsp;<a href=\"https:\/\/lot.chambre-agriculture.fr\/communication\/le-cout-annuel-de-la-pac-par-habitant\/\" target=\"_blank\" rel=\"noreferrer noopener\">lobbies d\u00e9fenseurs d&rsquo;un tout autre mode d&rsquo;agriculture<\/a>.<\/p>\n\n\n\n<p class=\"has-text-align-justify\">En France, les d\u00e9fenseurs d&rsquo;un&nbsp;<a href=\"https:\/\/reporterre.net\/L-aveuglement-de-la-FNSEA-est-responsable-de-la-crise-agricole\" target=\"_blank\" rel=\"noreferrer noopener\">mod\u00e8le agricole surann\u00e9, comme la majoritaire FNSEA<\/a>, pratiquent \u00e9galement une activit\u00e9 de lobbying intense pour continuer \u00e0 promouvoir leur mod\u00e8le.&nbsp;Par exemple, il \u00e9tait question d&rsquo;i<a href=\"https:\/\/www.lemonde.fr\/politique\/article\/2019\/01\/25\/le-president-renonce-a-sa-promesse-d-interdire-le-glyphosate-en-2021_5414363_823448.html\" target=\"_blank\" rel=\"noreferrer noopener\">nterdire le glyphosate pendant le mandat d&rsquo;Emmanuel Macron<\/a>, mais celui-ci a finalement recul\u00e9,&nbsp;<a href=\"https:\/\/www.publicsenat.fr\/article\/politique\/glyphosate-l-influence-du-lobby-de-la-fnsea-fait-faire-marche-arriere-a-macron\" target=\"_blank\" rel=\"noreferrer noopener\">sous la pression de la FNSEA<\/a>. Pourtant, un sondage montrait que&nbsp;<a href=\"https:\/\/www.francetvinfo.fr\/monde\/environnement\/pesticides\/glyphosate\/huit-francais-sur-dix-estiment-qu-il-faut-interdire-le-glyphosate_2438395.html\" target=\"_blank\" rel=\"noreferrer noopener\">8 fran\u00e7ais sur 10 \u00e9taient favorables<\/a>&nbsp;\u00e0 l&rsquo;interdiction du glyphosate. Par la m\u00eame, un autre&nbsp;<a href=\"https:\/\/www.francetvinfo.fr\/sante\/alimentation\/neuf-francais-sur-dix-consomment-bio-de-temps-en-temps-selon-un-sondage_3834065.html\" target=\"_blank\" rel=\"noreferrer noopener\">sondage<\/a>, d\u00e9montre l&rsquo;int\u00e9r\u00eat des fran\u00e7ais pour l&rsquo;agriculture biologique. Pour aboutir \u00e0 un changement de nos politiques publiques agricoles, il faudrait, selon moi, tendre vers des \u00e9tats qui fonctionnent de mani\u00e8re plus d\u00e9mocratique, des politiques moins carri\u00e9ristes, et un pouvoir plus local. D&rsquo;ailleurs,&nbsp;<a href=\"https:\/\/youtu.be\/RAvW7LIML60\" target=\"_blank\" rel=\"noreferrer noopener\">sommes-nous en d\u00e9mocratie?<\/a><\/p>\n\n\n\n<div class=\"wp-block-cover has-background-dim has-background-gradient\" style=\"background:linear-gradient(135deg,rgba(246,49,171,0.47) 0%,rgba(135,4,144,0.23) 98%);min-height:186px;aspect-ratio:unset;\"><div class=\"wp-block-cover__inner-container is-layout-flow wp-block-cover-is-layout-flow\">\n<p class=\"has-text-color has-luminous-vivid-orange-color\"><strong>En +:<\/strong><\/p>\n\n\n\n<p class=\"has-text-color has-very-dark-gray-color\"><a href=\"https:\/\/youtu.be\/d_BJu6f9Fkw\" target=\"_blank\" rel=\"noreferrer noopener\">Pour une autre PAC<\/a>, de Nicolas Meyrieux<\/p>\n\n\n\n<p class=\"has-text-color has-very-dark-gray-color\">Campagne&nbsp;<a href=\"https:\/\/pouruneautrepac.eu\/nos-campagnes\/tablons-sur-nos-paysan-nes\/\" target=\"_blank\" rel=\"noreferrer noopener\">Tablons sur nos paysans<\/a><\/p>\n<\/div><\/div>\n\n\n\n<p class=\"has-text-align-justify\">La politique au niveau local, par exemple \u00e0 l&rsquo;\u00e9chelle d&rsquo;une commune, me semble \u00eatre la plus \u00e0 m\u00eame de proposer des modes de gouvernance plus \u00e0 l&rsquo;\u00e9coute des populations. En France, le pouvoir concentr\u00e9 \u00e0 Paris, repr\u00e9sent\u00e9 par des pr\u00e9fectures aux antipodes d&rsquo;un fonctionnement d\u00e9mocratique, ne laisse que des budgets aux r\u00e9gions et aux d\u00e9partements. La Mairie, \u00e9chelon le plus local du pouvoir institutionnel en France, a m\u00eame vu son principal levier fiscal,&nbsp;<a href=\"https:\/\/www.economie.gouv.fr\/particuliers\/suppression-taxe-habitation-combien-allez-vous-gagner\" target=\"_blank\" rel=\"noreferrer noopener\">la taxe d&rsquo;habitation<\/a>, dispara\u00eetre, centralisant de fait un peu plus les pouvoirs. Alors oui, les maires peuvent lever d&rsquo;autres taxes, mais pourquoi faudrait-il davantage mettre sous pression un contribuable d\u00e9j\u00e0 \u00e0 bout de souffle (cf. r\u00e9volte des gilets jaunes), quand on pourrait mieux allouer les contributions d\u00e9j\u00e0 pr\u00e9lev\u00e9es?&nbsp;Culture du mensonge&#8230; le 21 juin 2018, \u00e0 Quimper (Kemper), en Bretagne, le Pr\u00e9sident de la R\u00e9publique annon\u00e7ait une d\u00e9centralisation en ces termes: \u00ab\u00a0la Bretagne sera le laboratoire de cette d\u00e9centralisation de projet au niveau national\u00a0\u00bb. On attend toujours&#8230;.<\/p>\n\n\n\n<p>C&rsquo;est pourtant au niveau de la localit\u00e9 que l&rsquo;on observe, le plus d&rsquo;initiatives en faveur de l&rsquo;environnement et de l&rsquo;autonomie alimentaire. Voici quelques exemples:<\/p>\n\n\n\n<ul class=\"wp-block-list\"><li>Daniel Le Cueff, maire de la commune bretonne de Langou\u00ebt, a pris un&nbsp;<a href=\"http:\/\/www.leparisien.fr\/environnement\/ille-et-vilaine-daniel-cueff-maire-antipesticides-mais-pas-anti-agriculteurs-06-03-2020-8273826.php\" target=\"_blank\" rel=\"noreferrer noopener\">arr\u00eat\u00e9 anti-pesticides<\/a>&nbsp;au sein de sa commune pour prot\u00e9ger sa population. Il a \u00e9t\u00e9 d\u00e9bout\u00e9 par le tribunal administratif<\/li><li>Le village breton de Tremargat, en centre Bretagne, est souvent&nbsp;<a href=\"https:\/\/france3-regions.francetvinfo.fr\/bretagne\/cotes-d-armor\/tremargat-village-breton-hors-norme-durable-1553438.html\" target=\"_blank\" rel=\"noreferrer noopener\">\u00e9rig\u00e9 en exemple<\/a>&nbsp;d&rsquo;agriculture respectueuse de l&rsquo;environnement et de d\u00e9mocratie locale<\/li><li>La ville d&rsquo;Albi, en France, a pour&nbsp;<a href=\"https:\/\/www.lepoint.fr\/economie\/a-albi-la-longue-route-vers-l-autosuffisance-alimentaire-19-07-2017-2144168_28.php\" target=\"_blank\" rel=\"noreferrer noopener\">projet d&rsquo;atteindre l&rsquo;autonomie alimentaire<\/a>.&nbsp;<\/li><\/ul>\n\n\n\n<h4 class=\"wp-block-heading\">Quelles seraient, entre autres, les d\u00e9cisions politiques qui, si elles \u00e9taient prises, pourraient aider l&rsquo;agriculture \u00e0 se r\u00e9former efficacement?&nbsp;<\/h4>\n\n\n\n<ul class=\"wp-block-list\"><li>Interdire \u00e0 court terme l&rsquo;utilisation de pesticides soup\u00e7onn\u00e9s de nuire \u00e0 l\u2019environnement et \u00e0 la sant\u00e9 humaine (application du principe de pr\u00e9caution)<\/li><li>Reformer les organismes comme la SAFER pour n&rsquo;attribuer les terres agricoles qu&rsquo;aux porteurs de projets locaux, engag\u00e9s dans une d\u00e9marche de respect des sols et du vivant<\/li><li>Taxer les importations en fonction de leur impact environnemental et de la disponibilit\u00e9 d&rsquo;un produit en local (si un produit peut-\u00eatre consomm\u00e9 localement, faire en sorte que son importation soit r\u00e9dhibitoire pour le distributeur). Cela bouleverserait les divers trait\u00e9s de libre \u00e9change ratifi\u00e9s par la France, mais&nbsp;&nbsp;<\/li><li>Interdire les emballages plastiques \u00e0 usage unique, et ainsi favoriser l&rsquo;\u00e9mergence du vrac et des contenants r\u00e9utilisables<\/li><li>R\u00e9orienter les aides pour aider les agriculteurs \u00e0 se diriger vers un mode de production plus responsable, avec des subventions pour:&nbsp;<ol><li>l&rsquo;abandon du labour, des engrais chimiques, des pesticides, et la restauration des sols via une agriculture dite&nbsp;<a href=\"https:\/\/regenerationinternational.org\/2017\/05\/05\/quest-ce-que-lagriculture-regeneratrice\/\" target=\"_blank\" rel=\"noreferrer noopener\">r\u00e9g\u00e9n\u00e9ratrice<\/a><\/li><li>&nbsp;l&rsquo;utilisation de&nbsp;<a href=\"https:\/\/www.semencespaysannes.org\/\">semences paysannes<\/a><\/li><li>la reconversion des \u00e9levages intensifs<\/li><\/ol><\/li><li>Si l&rsquo;on souhaite une agriculture diff\u00e9rente, moins d\u00e9pendante du p\u00e9trole, il faudra plus de bras dans l&rsquo;agriculture. Pour cela il faudra encourager la population \u00e0 se former \u00e0 des modes de culture des sols plus respectueux de l&rsquo;environnement (la bio, le mara\u00eechage en sol vivant, la permaculture&#8230;). Dans ce contexte, cr\u00e9er un comit\u00e9 compos\u00e9 d&rsquo;experts et de citoyens charg\u00e9 d&rsquo;approuver et de contr\u00f4ler l&rsquo;ind\u00e9pendance des organismes formateurs, et verser des bourses pour les \u00e9tudiants qui souhaitent se former.<\/li><li>Prendre des s\u00e9ries de mesures pour r\u00e9\u00e9quilibrer le rapport ville-campagne: donner aux territoires les moyens dont ils ont besoin pour promouvoir les productions locales, la vie des centres villes, l&rsquo;installation des paysans, etc.&nbsp;<\/li><\/ul>\n\n\n\n<h3 class=\"wp-block-heading\">Quand la lutte devient n\u00e9cessaire<\/h3>\n\n\n\n<p class=\"has-text-align-justify\">Malheureusement, malgr\u00e9 l&rsquo;engagement des citoyens dans de nombreuses initiatives pour faire changer les choses, la machine \u00e9tatique, quand elle ne les saborde pas, ne soutient pas assez les projets de transition. Nos imp\u00f4ts servent souvent \u00e0 subventionner des projets destructeurs de l&rsquo;environnement, comme la ferme des&nbsp;<a href=\"https:\/\/reporterre.net\/Tout-savoir-sur-la-ferme-usine-des\" target=\"_blank\" rel=\"noreferrer noopener\">millevache<\/a>, la&nbsp;<a href=\"https:\/\/www.greenpeace.fr\/huile-de-palme-jusquou-le-gouvernement-defendra-total\/\" target=\"_blank\" rel=\"noreferrer noopener\">raffinerie Total<\/a>&nbsp;importatrice d&rsquo;huile de palme, sans parler du CICE qui b\u00e9n\u00e9ficie \u00e0 de nombreuses entreprises dont les activit\u00e9s sont tr\u00e8s polluantes&#8230; Le site Reporterre propose une&nbsp;<a href=\"https:\/\/reporterre.net\/La-carte-des-luttes-contre-les-grands-projets-inutiles\" target=\"_blank\" rel=\"noreferrer noopener\">carte de France des projets<\/a>&nbsp;destructeurs de l&rsquo;environnement. Quand les leviers l\u00e9gislatifs ont \u00e9t\u00e9 \u00e9puis\u00e9s, quels modes d&rsquo;action peuvent-\u00eatre imagin\u00e9s, compte-tenu de l&rsquo;urgence?<\/p>\n\n\n\n<p class=\"has-text-align-justify\">Plusieurs types d&rsquo;action peuvent contribuer \u00e0 faire changer les choses, du mouvent de Pierre Rabhi \u00ab\u00a0<a href=\"https:\/\/www.colibris-lemouvement.org\/\" target=\"_blank\" rel=\"noreferrer noopener\">Les colibris<\/a>\u00a0\u00bb jusqu&rsquo;aux actions de d\u00e9sob\u00e9issance civile comme celles d&rsquo;<a href=\"https:\/\/rebellion.earth\/\" target=\"_blank\" rel=\"noreferrer noopener\">Extinction Rebellion<\/a>&nbsp;(occupation d&rsquo;espaces publics, par exemple). Des collectifs comme celui des&nbsp;<a href=\"https:\/\/www.faucheurs-volontaires.fr\/\" target=\"_blank\" rel=\"noreferrer noopener\">Faucheurs Volontaires<\/a>&nbsp;(d&rsquo;OGM) privil\u00e9gient des modes d&rsquo;action directe, et en France comme en Europe, on assiste \u00e0 l&#8217;emergence des ZAD (Zones \u00e0 d\u00e9fendre), la plus notoire \u00e9tant celle de&nbsp;<a href=\"https:\/\/zad.nadir.org\/\" target=\"_blank\" rel=\"noreferrer noopener\">Notre Dame des Landes<\/a>. Cet ancien projet d&rsquo;a\u00e9roport est un v\u00e9ritable laboratoire de projets alternatifs et collectifs: constructions \u00e9cologiques (Kerterre, Cabanes, etc.), cultures, lieux communs, festivals&#8230; Pour reprendre un vieux slogan, \u00ab\u00a0ensemble, tout devient possible\u00a0\u00bb!<\/p>\n\n\n\n<p><strong>Le pouvoir du consommateur<\/strong><\/p>\n\n\n\n<div class=\"wp-block-image\"><figure class=\"alignright is-resized\"><a href=\"https:\/\/1.bp.blogspot.com\/-CCW7HqEuphk\/XpLFmqD5CuI\/AAAAAAAAiXo\/ThPu4IJukqYdCqgWdI6vuL83sjms7p0cwCLcBGAsYHQ\/s1600\/nestl%25C3%25A9.JPG\"><img loading=\"lazy\" decoding=\"async\" src=\"https:\/\/1.bp.blogspot.com\/-CCW7HqEuphk\/XpLFmqD5CuI\/AAAAAAAAiXo\/ThPu4IJukqYdCqgWdI6vuL83sjms7p0cwCLcBGAsYHQ\/s320\/nestl%25C3%25A9.JPG\" alt=\"\" width=\"251\" height=\"115\"\/><\/a><figcaption>Campagne de Greenpeace d\u00e9non\u00e7ant l&rsquo;utilisation de l&rsquo;huile de palme issue de la d\u00e9forestation chez une marque d&rsquo;un grand groupe agroalimentaire<\/figcaption><\/figure><\/div>\n\n\n\n<p class=\"has-text-align-justify\">Le consommateur, notamment gr\u00e2ce \u00e0 des campagnes d&rsquo;ONG, est de plus sensibilit\u00e9 \u00e0 l&rsquo;impact de sa consommation sur l&rsquo;environnement et la soci\u00e9t\u00e9. Avec les campagnes de boycott de produits, l&rsquo;essor de la bio et des circuits courts, le consommateur prend petit \u00e0 petit conscience de sa responsabilit\u00e9 et de son pouvoir. Les&nbsp;<a href=\"http:\/\/www.reseau-amap.org\/amap.php\" target=\"_blank\" rel=\"noreferrer noopener\">AMAP<\/a>&nbsp;permettent de s&rsquo;affranchir progressivement des supermarch\u00e9s,&nbsp; des \u00e9piceries paysannes comme celle de&nbsp;<a href=\"http:\/\/goasven.fr\/\" target=\"_blank\" rel=\"noreferrer noopener\">Goasven<\/a>&nbsp;permettent d&rsquo;allier culture et d\u00e9veloppement local, et des coop\u00e9ratives comme&nbsp;<a href=\"https:\/\/www.fermesdefigeac.coop\/\" target=\"_blank\" rel=\"noreferrer noopener\">Les Fermes de Figeac<\/a>&nbsp;concurrencent les supermarch\u00e9s tout en favorisant les agriculteurs locaux.&nbsp;&nbsp;<strong>Le consommateur peut adopter une mani\u00e8re vertueuse de se nourrir pour la soci\u00e9t\u00e9 et l&rsquo;environnement.<\/strong>&nbsp;De plus, outre l&rsquo;achat de produits locaux et responsables, le consommateur, en r\u00e9duisant sa consommation de viande, peut limiter d&rsquo;autant plus son impact n\u00e9gatif sur l&rsquo;environnement. En effet, \u00ab\u00a0<a href=\"http:\/\/www.fao.org\/ag\/fr\/magazine\/0612sp1.htm\" target=\"_blank\" rel=\"noreferrer noopener\">un nouveau rapport de la FAO affirme que l&rsquo;\u00e9levage est l&rsquo;une des causes principales des probl\u00e8mes d&rsquo;environnement les plus pressants, \u00e0 savoir le r\u00e9chauffement de la plan\u00e8te, la d\u00e9gradation des terres, la pollution de l&rsquo;atmosph\u00e8re et des eaux et la perte de biodiversit\u00e9.<\/a>\u00ab\u00a0<\/p>\n\n\n\n<div class=\"wp-block-image\"><figure class=\"alignleft size-large is-resized\"><a href=\"https:\/\/1.bp.blogspot.com\/-yYMOiU9e1OM\/XpMZUwsdKGI\/AAAAAAAAiYw\/_D055_wk1McKxkXX_vcwtkg2PoHTZJMFgCEwYBhgLKs4DAMBZVoDpmYymaqHOg_Qcre-PruukZ4DLVzZ5Fel7yEa-bbOIq-ySevJ4JCDJ9ujBVu_Y1Vdtp1i-cQ4jegmYdFn2k9YyXqfuAit_w6fuWkZyWa8REZw32jBIXxDKGixZM0pzV9OgjN8gvj_GfvU_fyRPKWjywMA9ubpu0ssPbnOKiR9lQBQsnF-KykQr0ykXkShKXe2SUmy3PfGqs41jvKBD0fktzws4NOhYahRxOFoDt93o8t6FIKRILKgLeaZmTGOu7mr1JB1i4BkO0Dwkd02gx4L5NHaK2DZxThBRzXN90-zIl-M5Y8E2X9CTHLdUpu2kFMmjSJ5a8EwjBfTpwGNjNxFZpI7Ooe0WcI75IasUvSXUrPd-le9_SRKHdVrjGGR8mrbWJGMFnR3gKsCZzoLQxpzBI2XZryTl85NhnwjEBfpDn3FzWqoX8sfa48Df3nnVCliobQ0EsZMhL3kmaTnpQtigZu1D4VhJw9cymGOVQNTdRlBHtfaR9pa_XE7AIzcGKPcilVFmp_M8kvNy9-ohwCaC8H5i8VioIfEH29PkUn73AjSkGK6z8ftOXs_tUBv9umCbzTkg9KNOq6QILKyal1IupWkWBy_MjApwMLu4zPQF\/s1600\/perans%2Bagri%2Bimg-5.jpg\"><img loading=\"lazy\" decoding=\"async\" src=\"https:\/\/peransbackpack.ovh\/peransbackpack\/wp-content\/uploads\/2020\/04\/perans-agri-img-5-768x1024.jpg\" alt=\"\" class=\"wp-image-344\" width=\"262\" height=\"348\" srcset=\"https:\/\/peransbackpack.ovh\/peransbackpack\/wp-content\/uploads\/2020\/04\/perans-agri-img-5-768x1024.jpg 768w, https:\/\/peransbackpack.ovh\/peransbackpack\/wp-content\/uploads\/2020\/04\/perans-agri-img-5-225x300.jpg 225w, https:\/\/peransbackpack.ovh\/peransbackpack\/wp-content\/uploads\/2020\/04\/perans-agri-img-5-1152x1536.jpg 1152w, https:\/\/peransbackpack.ovh\/peransbackpack\/wp-content\/uploads\/2020\/04\/perans-agri-img-5-1536x2048.jpg 1536w, https:\/\/peransbackpack.ovh\/peransbackpack\/wp-content\/uploads\/2020\/04\/perans-agri-img-5-scaled.jpg 1920w\" sizes=\"auto, (max-width: 262px) 100vw, 262px\" \/><\/a><\/figure><\/div>\n\n\n\n<p class=\"has-text-align-justify\">Les impacts n\u00e9gatifs de l&rsquo;agriculture conventionnelle sur les milieux naturels et la sant\u00e9 humaine ne sont plus \u00e0 d\u00e9montrer,&nbsp;<a rel=\"noreferrer noopener\" href=\"https:\/\/www.lemonde.fr\/planete\/article\/2020\/02\/13\/enquete-sur-demeter-la-cellule-de-surveillance-contestee-des-campagnes_6029381_3244.html\" target=\"_blank\">et pourtant<\/a>, au lieu de l\u00e9gif\u00e9rer en faveur d&rsquo;une transition agricole permettant aux agriculteurs de vivre de leur m\u00e9tier dignement tout en prenant un virage vers plus d&rsquo;autonomie et d&rsquo;\u00e9cologie, nos gouvernements successifs semblent vouloir s&rsquo;attaquer \u00e0 tout ceux qui souhaiteraient faire changer les choses, avec la&nbsp;<a rel=\"noreferrer noopener\" href=\"https:\/\/reporterre.net\/Le-gouvernement-cree-une-cellule-militaire-pour-surveiller-les-opposants-a-l-agro-industrie?fbclid=IwAR12dWL3HBgqRMYzXq_0tSPr1ova3TlL2agl2Rj8k4zm6W83SKCHqp1zuN0\" target=\"_blank\">mise en place d&rsquo;une cellule de renseignement<\/a>&nbsp;contre l&rsquo;agribashing! Heureusement, nous assistons \u00e0 une prise de conscience progressive au sein de la population, et l&rsquo;\u00e9mergence de nouvelles initiatives donne de l&rsquo;espoir. Histoire \u00e0 suivre&#8230;&nbsp;<\/p>\n\n\n\n<p><\/p>\n","protected":false},"excerpt":{"rendered":"<p>Accompagn\u00e9 d&rsquo;un zapping, cet article parle de nos sols! De l&rsquo;origine des maux actuels de notre agriculture aux solutions d&rsquo;avenir.<\/p>\n","protected":false},"author":2,"featured_media":0,"comment_status":"open","ping_status":"open","sticky":false,"template":"","format":"standard","meta":{"jetpack_post_was_ever_published":false,"_jetpack_newsletter_access":"","_jetpack_dont_email_post_to_subs":false,"_jetpack_newsletter_tier_id":0,"_jetpack_memberships_contains_paywalled_content":false,"_jetpack_memberships_contains_paid_content":false,"footnotes":"","jetpack_publicize_message":"","jetpack_publicize_feature_enabled":true,"jetpack_social_post_already_shared":true,"jetpack_social_options":{"image_generator_settings":{"template":"highway","enabled":false}}},"categories":[29,30,1,28,9],"tags":[41,39,40,36,26,32,38,27,25,42],"class_list":["post-311","post","type-post","status-publish","format-standard","hentry","category-eco_pol","category-ecologie","category-non-classe","category-territoires","category-watch","tag-agriculture","tag-bretagne","tag-changement-climatique","tag-ecologie","tag-economie","tag-environnement","tag-europe","tag-france","tag-politique","tag-sante"],"jetpack_publicize_connections":[],"jetpack_featured_media_url":"","uagb_featured_image_src":{"full":false,"thumbnail":false,"medium":false,"medium_large":false,"large":false,"1536x1536":false,"2048x2048":false,"shapely-full":false,"shapely-featured":false,"shapely-grid":false,"form-edit-image-preview":false,"sow-carousel-default":false},"uagb_author_info":{"display_name":"Peran","author_link":"https:\/\/peransbackpack.ovh\/peransbackpack\/index.php\/author\/peran\/"},"uagb_comment_info":4,"uagb_excerpt":"Accompagn\u00e9 d'un zapping, cet article parle de nos sols! De l'origine des maux actuels de notre agriculture aux solutions d'avenir.","jetpack_sharing_enabled":true,"jetpack_shortlink":"https:\/\/wp.me\/paC4Xp-51","_links":{"self":[{"href":"https:\/\/peransbackpack.ovh\/peransbackpack\/index.php\/wp-json\/wp\/v2\/posts\/311","targetHints":{"allow":["GET"]}}],"collection":[{"href":"https:\/\/peransbackpack.ovh\/peransbackpack\/index.php\/wp-json\/wp\/v2\/posts"}],"about":[{"href":"https:\/\/peransbackpack.ovh\/peransbackpack\/index.php\/wp-json\/wp\/v2\/types\/post"}],"author":[{"embeddable":true,"href":"https:\/\/peransbackpack.ovh\/peransbackpack\/index.php\/wp-json\/wp\/v2\/users\/2"}],"replies":[{"embeddable":true,"href":"https:\/\/peransbackpack.ovh\/peransbackpack\/index.php\/wp-json\/wp\/v2\/comments?post=311"}],"version-history":[{"count":16,"href":"https:\/\/peransbackpack.ovh\/peransbackpack\/index.php\/wp-json\/wp\/v2\/posts\/311\/revisions"}],"predecessor-version":[{"id":345,"href":"https:\/\/peransbackpack.ovh\/peransbackpack\/index.php\/wp-json\/wp\/v2\/posts\/311\/revisions\/345"}],"wp:attachment":[{"href":"https:\/\/peransbackpack.ovh\/peransbackpack\/index.php\/wp-json\/wp\/v2\/media?parent=311"}],"wp:term":[{"taxonomy":"category","embeddable":true,"href":"https:\/\/peransbackpack.ovh\/peransbackpack\/index.php\/wp-json\/wp\/v2\/categories?post=311"},{"taxonomy":"post_tag","embeddable":true,"href":"https:\/\/peransbackpack.ovh\/peransbackpack\/index.php\/wp-json\/wp\/v2\/tags?post=311"}],"curies":[{"name":"wp","href":"https:\/\/api.w.org\/{rel}","templated":true}]}}